{"id":768,"date":"2024-11-30T00:06:55","date_gmt":"2024-11-29T23:06:55","guid":{"rendered":"https:\/\/www.plaidissimo.fr\/blog\/?p=768"},"modified":"2024-11-30T00:14:11","modified_gmt":"2024-11-29T23:14:11","slug":"plaids-multi-usages-pour-la-maison-astuces-pour-un-interieur-malin","status":"publish","type":"post","link":"https:\/\/www.plaidissimo.fr\/blog\/plaids-multi-usages-pour-la-maison-astuces-pour-un-interieur-malin\/","title":{"rendered":"Plaids multi-usages pour la maison, astuces pour un int\u00e9rieur malin"},"content":{"rendered":"\n<figure class=\"wp-block-image size-full\"><img loading=\"lazy\" decoding=\"async\" width=\"1024\" height=\"1024\" src=\"https:\/\/www.plaidissimo.fr\/blog\/wp-content\/uploads\/2024\/11\/plaid-bleu-clair-sur-canape-moderne-1.png\" alt=\"\" class=\"wp-image-770\" style=\"aspect-ratio:16\/9;object-fit:cover\" srcset=\"https:\/\/www.plaidissimo.fr\/blog\/wp-content\/uploads\/2024\/11\/plaid-bleu-clair-sur-canape-moderne-1.png 1024w, https:\/\/www.plaidissimo.fr\/blog\/wp-content\/uploads\/2024\/11\/plaid-bleu-clair-sur-canape-moderne-1-212x212.png 212w, https:\/\/www.plaidissimo.fr\/blog\/wp-content\/uploads\/2024\/11\/plaid-bleu-clair-sur-canape-moderne-1-500x500.png 500w, https:\/\/www.plaidissimo.fr\/blog\/wp-content\/uploads\/2024\/11\/plaid-bleu-clair-sur-canape-moderne-1-768x768.png 768w, https:\/\/www.plaidissimo.fr\/blog\/wp-content\/uploads\/2024\/11\/plaid-bleu-clair-sur-canape-moderne-1-418x418.png 418w, https:\/\/www.plaidissimo.fr\/blog\/wp-content\/uploads\/2024\/11\/plaid-bleu-clair-sur-canape-moderne-1-357x357.png 357w, https:\/\/www.plaidissimo.fr\/blog\/wp-content\/uploads\/2024\/11\/plaid-bleu-clair-sur-canape-moderne-1-179x179.png 179w, https:\/\/www.plaidissimo.fr\/blog\/wp-content\/uploads\/2024\/11\/plaid-bleu-clair-sur-canape-moderne-1-600x600.png 600w, https:\/\/www.plaidissimo.fr\/blog\/wp-content\/uploads\/2024\/11\/plaid-bleu-clair-sur-canape-moderne-1-100x100.png 100w\" sizes=\"auto, (max-width: 767px) 89vw, (max-width: 1000px) 54vw, (max-width: 1071px) 543px, 580px\" \/><\/figure>\n\n\n\n<p><\/p>\n\n\n\n<p>Les plaids sont des incontournables des int\u00e9rieurs modernes. Bien plus qu\u2019une simple couverture, ils combinent confort, style et praticit\u00e9. Gr\u00e2ce \u00e0 leur polyvalence, ils s\u2019int\u00e8grent facilement dans toutes les pi\u00e8ces de la maison, du salon \u00e0 la chambre en passant par la terrasse. En quelques gestes, un plaid peut transformer une ambiance ou apporter une solution pratique. Il est le compagnon id\u00e9al pour un int\u00e9rieur chaleureux, tout en restant esth\u00e9tique. D\u00e9couvrons ensemble comment tirer pleinement parti de cet accessoire incontournable.<\/p>\n\n\n\n<h2 class=\"wp-block-heading\"><strong>Le plaid, un cam\u00e9l\u00e9on pour le salon<\/strong><\/h2>\n\n\n\n<p>Le salon est l\u2019endroit o\u00f9 le plaid s\u2019\u00e9panouit le plus. Drap\u00e9 sur un canap\u00e9, il r\u00e9chauffe vos soir\u00e9es fra\u00eeches et devient \u00e9galement un \u00e9l\u00e9ment central de d\u00e9coration. Selon son pliage ou la mani\u00e8re de le disposer, le plaid peut totalement changer l\u2019apparence d\u2019un canap\u00e9. Vous pouvez le laisser d\u00e9gringoler naturellement pour un effet d\u00e9contract\u00e9 ou le plier soigneusement pour un style minimaliste. Ce simple geste donne une touche de fra\u00eecheur \u00e0 votre espace sans avoir besoin de grands changements.<\/p>\n\n\n\n<p>Les fauteuils peuvent \u00e9galement \u00eatre emblis. Un plaid pos\u00e9 sur l\u2019accoudoir ou repli\u00e9 sur le dossier peut rehausser un ancien fauteuil et l\u2019int\u00e9grer dans une d\u00e9coration plus moderne. C\u2019est \u00e9galement une solution pratique pour personnaliser votre salon selon les saisons. Les tons doux et naturels se pr\u00eatent aux p\u00e9riodes calmes, tandis que des motifs audacieux insufflent du dynamisme \u00e0 la pi\u00e8ce.<\/p>\n\n\n\n<h2 class=\"wp-block-heading\"><strong>Toujours \u00e0 port\u00e9e de main pour plsu de confort<\/strong><\/h2>\n\n\n\n<p>Avoir un plaid \u00e0 port\u00e9e de main est un v\u00e9ritable luxe du quotidien. Pour allier aspect pratique et esth\u00e9tique, pensez \u00e0 cr\u00e9er un petit coin d\u00e9di\u00e9 dans votre salon. Un panier en osier, une bo\u00eete en bois ou une simple \u00e9tag\u00e8re peuvent servir de rangement pour vos plaids pr\u00e9f\u00e9r\u00e9s. Non seulement cela vous permet de les utiliser facilement, mais cela ajoute \u00e9galement une note d\u00e9corative \u00e0 votre espace.<\/p>\n\n\n\n<p>Les familles nombreuses appr\u00e9cieront l\u2019id\u00e9e d\u2019avoir un plaid par personne. <a href=\"https:\/\/www.plaidissimo.fr\/blog\/choisir-plaid-pour-enfant\/\"><span style=\"text-decoration: underline;\">Les enfants aiment particuli\u00e8rement les plaids doux<\/span><\/a>, color\u00e9s ou orn\u00e9s de motifs amusants. Vous pouvez m\u00eame leur attribuer un panier individuel pour qu\u2019ils puissent ranger leur plaid eux-m\u00eames. De cette mani\u00e8re, chacun trouve son bonheur et contribue \u00e0 l\u2019organisation de la maison.<\/p>\n\n\n\n<figure class=\"wp-block-image size-full\"><img loading=\"lazy\" decoding=\"async\" width=\"1024\" height=\"1024\" src=\"https:\/\/www.plaidissimo.fr\/blog\/wp-content\/uploads\/2024\/11\/plaid-beige-alpaga-sur-fauteuil.png\" alt=\"Plaid beige sur fauteuil ancien\" class=\"wp-image-771\" style=\"aspect-ratio:16\/9;object-fit:cover\" srcset=\"https:\/\/www.plaidissimo.fr\/blog\/wp-content\/uploads\/2024\/11\/plaid-beige-alpaga-sur-fauteuil.png 1024w, https:\/\/www.plaidissimo.fr\/blog\/wp-content\/uploads\/2024\/11\/plaid-beige-alpaga-sur-fauteuil-212x212.png 212w, https:\/\/www.plaidissimo.fr\/blog\/wp-content\/uploads\/2024\/11\/plaid-beige-alpaga-sur-fauteuil-500x500.png 500w, https:\/\/www.plaidissimo.fr\/blog\/wp-content\/uploads\/2024\/11\/plaid-beige-alpaga-sur-fauteuil-768x768.png 768w, https:\/\/www.plaidissimo.fr\/blog\/wp-content\/uploads\/2024\/11\/plaid-beige-alpaga-sur-fauteuil-418x418.png 418w, https:\/\/www.plaidissimo.fr\/blog\/wp-content\/uploads\/2024\/11\/plaid-beige-alpaga-sur-fauteuil-357x357.png 357w, https:\/\/www.plaidissimo.fr\/blog\/wp-content\/uploads\/2024\/11\/plaid-beige-alpaga-sur-fauteuil-179x179.png 179w, https:\/\/www.plaidissimo.fr\/blog\/wp-content\/uploads\/2024\/11\/plaid-beige-alpaga-sur-fauteuil-600x600.png 600w, https:\/\/www.plaidissimo.fr\/blog\/wp-content\/uploads\/2024\/11\/plaid-beige-alpaga-sur-fauteuil-100x100.png 100w\" sizes=\"auto, (max-width: 767px) 89vw, (max-width: 1000px) 54vw, (max-width: 1071px) 543px, 580px\" \/><\/figure>\n\n\n\n<p><\/p>\n\n\n\n<h2 class=\"wp-block-heading\"><strong>Parfait pour les invit\u00e9s<\/strong><\/h2>\n\n\n\n<p>Recevoir des invit\u00e9s demande une attention particuli\u00e8re. Le plaid peut y jouer un r\u00f4le cl\u00e9. En hiver, offrez un plaid \u00e0 chacun de vos convives pour qu\u2019ils puissent se r\u00e9chauffer lors de longues soir\u00e9es. Ce geste simple cr\u00e9e une atmosph\u00e8re conviviale et met vos invit\u00e9s \u00e0 l\u2019aise. Vous pouvez \u00e9galement utiliser des plaids pour d\u00e9corer les chaises ou bancs ext\u00e9rieurs si vous organisez un d\u00eener ou un ap\u00e9ritif en plein air.<\/p>\n\n\n\n<p>Dans la chambre d\u2019amis, un plaid est un \u00e9l\u00e9ment indispensable. Drap\u00e9 sur le lit, il apporte une finition \u00e9l\u00e9gante tout en servant de couverture suppl\u00e9mentaire. M\u00eame si la pi\u00e8ce est peu utilis\u00e9e, le plaid permet d\u2019ajouter une touche de style et de montrer que vous avez pens\u00e9 au confort de vos invit\u00e9s.<\/p>\n\n\n\n<h2 class=\"wp-block-heading\"><strong>Un accessoire qui s\u2019adapte \u00e0 toutes les saisons<\/strong><\/h2>\n\n\n\n<p>Le plaid est l\u2019un des rares accessoires qui s\u2019adaptent parfaitement \u00e0 toutes les saisons. En \u00e9t\u00e9, pr\u00e9f\u00e9rez des <a href=\"https:\/\/www.plaidissimo.fr\/blog\/lin-histoire-de-cette-matiere-ecologique\/\"><span style=\"text-decoration: underline;\">mati\u00e8res l\u00e9g\u00e8res et respirantes comme le lin<\/span><\/a> ou le coton. Ces mat\u00e9riaux permettent d\u2019apporter un confort suppl\u00e9mentaire sans surchauffer. Ils peuvent \u00e9galement \u00eatre utilis\u00e9s pour habiller un canap\u00e9 ou prot\u00e9ger les meubles des rayons du soleil.<\/p>\n\n\n\n<p>En automne et en hiver, privil\u00e9giez des mati\u00e8res chaudes comme la laine, le mohair ou le polaire. Ces tissus \u00e9pais et isolants cr\u00e9ent une ambiance cosy et sont parfaits pour les soir\u00e9es cocooning. Vous pouvez \u00e9galement jouer avec les <a href=\"https:\/\/www.plaidissimo.fr\/blog\/comment-choisir-couleur-plaid\/\"><span style=\"text-decoration: underline;\">motifs et les couleurs<\/span><\/a> pour renouveler l\u2019ambiance de votre int\u00e9rieur au fil des saisons. Les tons pastel ou floraux apportent une l\u00e9g\u00e8ret\u00e9 printani\u00e8re, tandis que les teintes profondes et textur\u00e9es r\u00e9chauffent l\u2019atmosph\u00e8re en hiver.<\/p>\n\n\n\n<h2 class=\"wp-block-heading\"><strong>Un compagnon du quotidien, pratique et esth\u00e9tique<\/strong><\/h2>\n\n\n\n<p>Si un plaid est un \u00e9l\u00e9ment d\u00e9coratif, il est \u00e9galement tr\u00e8s pratique. Il prot\u00e8ge efficacement vos canap\u00e9s et fauteuils tout en apportant une touche \u00e9l\u00e9gante. Vous pouvez l\u2019utiliser pour couvrir un canap\u00e9 ou un lit, surtout si vous avez des enfants ou des animaux. Les plaids agissent comme une barri\u00e8re contre les t\u00e2ches et les poils tout en pr\u00e9servant l\u2019esth\u00e9tique de votre d\u00e9coration.<\/p>\n\n\n\n<p>Ce qui rend le plaid si sp\u00e9cial, c\u2019est sa mobilit\u00e9. Vous pouvez le d\u00e9placer facilement selon vos besoins. Dans le salon pendant la journ\u00e9e, il habille votre mobilier et r\u00e9chauffe vos soir\u00e9es. La nuit, il peut se retrouver dans la chambre, pr\u00eat \u00e0 compl\u00e9ter votre couverture principale. Il s\u2019adapte \u00e0 toutes les situations, qu\u2019il s\u2019agisse d\u2019un moment de lecture tranquille ou d\u2019une soir\u00e9e t\u00e9l\u00e9 en famille.<\/p>\n\n\n\n<p>Pour choisir le mod\u00e8le parfait, optez pour un <span style=\"text-decoration: underline;\"><a href=\"https:\/\/www.madura.com\/collections\/plaids\" target=\"_blank\" rel=\"noreferrer noopener\">Plaid de qualit\u00e9<\/a> <\/span>capable de combiner durabilit\u00e9, douceur et style.<\/p>\n\n\n\n<p>Bien plus qu\u2019un accessoire de d\u00e9coration. C\u2019est un objet qui embellit, prot\u00e8ge et r\u00e9chauffe votre maison. Son adaptabilit\u00e9 en fait un indispensable, que ce soit pour les grands changements ou les petites attentions du quotidien. Ajoutez-en quelques-uns \u00e0 votre int\u00e9rieur, et laissez-les devenir vos alli\u00e9s de tous les instants.<\/p>\n<!-- Begin Yuzo --><div class='yuzo_related_post style-1'  data-version='5.12.84'><!-- without result --><div class='yuzo_clearfixed yuzo__title yuzo__title'><h3>Poursuivez votre lecture<\/h3><\/div>\n\t\t\t\t\t\t  <div class=\"relatedthumb \" style=\"width:248px;float:left;overflow:hidden;\">  \n\t\t\t\t\t\t\t  \n\t\t\t\t\t\t\t  <a  href=\"https:\/\/www.plaidissimo.fr\/blog\/soie-matiere-noble-pour-votre-plaid\/\"  >\n\t\t\t\t\t\t\t\t\t  <div class=\"yuzo-img-wrap \" style=\"width: 248px;height:213px;\">\n\t\t\t\t\t\t\t\t\t\t\n\t\t\t\t\t\t\t\t\t\t<div class=\"yuzo-img\" style=\"background:url('https:\/\/www.plaidissimo.fr\/blog\/wp-content\/uploads\/2018\/11\/soie-rose-source-355x212.jpg') 50% 50% no-repeat;width: 248px;height:213px;margin-bottom: 5px;background-size: cover; \"><\/div>\n\t\t\t\t\t\t\t\t\t  <\/div>\n\t\t\t\t\t\t\t\t\t  \n\t\t\t\t\t\t\t\t   <span class=\"yuzo__text--title\" style=\"font-size:16px;\">Soie \u2013 Mati\u00e8re noble pour votre Plaid<\/span>\n\t\t\t\t\t\t\t  \n\t\t\t\t\t\t\t  \n\t\t\t\t\t\t\t  <\/a>\n\n\t\t\t\t\t\t  <\/div>\n\t\t\t\t\t\t  <div class=\"relatedthumb \" style=\"width:248px;float:left;overflow:hidden;\">  \n\t\t\t\t\t\t\t  \n\t\t\t\t\t\t\t  <a  href=\"https:\/\/www.plaidissimo.fr\/blog\/laine-meirnos-pour-plaids\/\"  >\n\t\t\t\t\t\t\t\t\t  <div class=\"yuzo-img-wrap \" style=\"width: 248px;height:213px;\">\n\t\t\t\t\t\t\t\t\t\t\n\t\t\t\t\t\t\t\t\t\t<div class=\"yuzo-img\" style=\"background:url('https:\/\/www.plaidissimo.fr\/blog\/wp-content\/uploads\/2018\/11\/plaids-en-laine-merinos-merinos-photo-moutons-source-355x212.jpg') 50% 50% no-repeat;width: 248px;height:213px;margin-bottom: 5px;background-size: cover; \"><\/div>\n\t\t\t\t\t\t\t\t\t  <\/div>\n\t\t\t\t\t\t\t\t\t  \n\t\t\t\t\t\t\t\t   <span class=\"yuzo__text--title\" style=\"font-size:16px;\">Laine M\u00e9rinos \u2013 Histoire et Usages<\/span>\n\t\t\t\t\t\t\t  \n\t\t\t\t\t\t\t  \n\t\t\t\t\t\t\t  <\/a>\n\n\t\t\t\t\t\t  <\/div>\n\t\t\t\t\t\t  <div class=\"relatedthumb \" style=\"width:248px;float:left;overflow:hidden;\">  \n\t\t\t\t\t\t\t  \n\t\t\t\t\t\t\t  <a  href=\"https:\/\/www.plaidissimo.fr\/blog\/enjeux-du-choix-dun-textile-en-cachemire\/\"  >\n\t\t\t\t\t\t\t\t\t  <div class=\"yuzo-img-wrap \" style=\"width: 248px;height:213px;\">\n\t\t\t\t\t\t\t\t\t\t\n\t\t\t\t\t\t\t\t\t\t<div class=\"yuzo-img\" style=\"background:url('https:\/\/www.plaidissimo.fr\/blog\/wp-content\/uploads\/2023\/12\/cachemire-caracteristiques-pour-choix-212x212.jpeg') 50% 50% no-repeat;width: 248px;height:213px;margin-bottom: 5px;background-size: cover; \"><\/div>\n\t\t\t\t\t\t\t\t\t  <\/div>\n\t\t\t\t\t\t\t\t\t  \n\t\t\t\t\t\t\t\t   <span class=\"yuzo__text--title\" style=\"font-size:16px;\">Enjeux du choix d\u2019un textile en cachemire<\/span>\n\t\t\t\t\t\t\t  \n\t\t\t\t\t\t\t  \n\t\t\t\t\t\t\t  <\/a>\n\n\t\t\t\t\t\t  <\/div>\n<\/div> <style>\n\t\t\t\t\t\t\t\t.yuzo_related_post img{width:243px !important; height:233px !important;}\n\t\t\t\t\t\t\t\t.yuzo_related_post .relatedthumb{line-height:18px;background: !important;color:!important;}\n\t\t\t\t\t\t\t\t.yuzo_related_post .relatedthumb:hover{background: !important;;color:!important;}\n\t\t\t\t\t\t\t\t.yuzo_related_post .relatedthumb a{color:!important;}\n\t\t\t\t\t\t\t\t.yuzo_related_post .relatedthumb a:hover{ color:}!important;}\n\t\t\t\t\t\t\t\t.yuzo_related_post .relatedthumb:hover a{ color:!important;}\n\t\t\t\t\t\t\t\t.yuzo_related_post .yuzo_text {color:!important;}\n\t\t\t\t\t\t\t\t.yuzo_related_post .relatedthumb:hover .yuzo_text {color:!important;}\n\t\t\t\t\t\t\t\t.yuzo_related_post .relatedthumb{  margin: 0px  0px  0px  0px;   padding: 0px  20px  0px  0px;  }\n\t\t\t\t\t\t\t\t\n\t\t\t\t\t\t\t\t<\/style> <script>\n\t\t\t\t\t\t  jQuery(document).ready(function( $ ){\n\t\t\t\t\t\t\t\/\/jQuery('.yuzo_related_post').equalizer({ overflow : 'relatedthumb' });\n\t\t\t\t\t\t\tjQuery('.yuzo_related_post .yuzo_wraps').equalizer({ columns : '> div' });\n\t\t\t\t\t\t   })\n\t\t\t\t\t\t  <\/script> <!-- End Yuzo :) -->","protected":false},"excerpt":{"rendered":"<p>Les plaids sont des incontournables des int\u00e9rieurs modernes. Bien plus qu\u2019une simple couverture, ils combinent confort, style et praticit\u00e9. Gr\u00e2ce \u00e0 leur polyvalence, ils s\u2019int\u00e8grent facilement dans toutes les pi\u00e8ces de la maison, du salon \u00e0 la chambre en passant par la terrasse. En quelques gestes, un plaid peut transformer une ambiance ou apporter une &hellip; <\/p>\n<p class=\"link-more\"><a href=\"https:\/\/www.plaidissimo.fr\/blog\/plaids-multi-usages-pour-la-maison-astuces-pour-un-interieur-malin\/\" class=\"more-link\">Continuer la lecture<span class=\"screen-reader-text\"> de &laquo;&nbsp;Plaids multi-usages pour la maison, astuces pour un int\u00e9rieur malin&nbsp;&raquo;<\/span><\/a><\/p>\n","protected":false},"author":2,"featured_media":772,"comment_status":"open","ping_status":"open","sticky":false,"template":"","format":"standard","meta":{"_monsterinsights_skip_tracking":false,"_monsterinsights_sitenote_active":false,"_monsterinsights_sitenote_note":"","_monsterinsights_sitenote_category":0,"footnotes":""},"categories":[9],"tags":[],"class_list":["post-768","post","type-post","status-publish","format-standard","has-post-thumbnail","hentry","category-inspirations"],"yoast_head":"<!-- This site is optimized with the Yoast SEO plugin v24.9 - https:\/\/yoast.com\/wordpress\/plugins\/seo\/ -->\n<title>Plaids multi-usages pour la maison et astuces pour un int\u00e9rieur malin<\/title>\n<meta name=\"description\" content=\"Les plaids sont des incontournables des int\u00e9rieurs modernes. Bien plus qu\u2019une simple couverture, ils combinent confort, style et praticit\u00e9. Gr\u00e2ce \u00e0 leur polyvalence...\" \/>\n<meta name=\"robots\" content=\"index, follow, max-snippet:-1, max-image-preview:large, max-video-preview:-1\" \/>\n<link rel=\"canonical\" href=\"https:\/\/www.plaidissimo.fr\/blog\/plaids-multi-usages-pour-la-maison-astuces-pour-un-interieur-malin\/\" \/>\n<meta property=\"og:locale\" content=\"fr_FR\" \/>\n<meta property=\"og:type\" content=\"article\" \/>\n<meta property=\"og:title\" content=\"Plaids multi-usages pour la maison et astuces pour un int\u00e9rieur malin\" \/>\n<meta property=\"og:description\" content=\"Les plaids sont des incontournables des int\u00e9rieurs modernes. Bien plus qu\u2019une simple couverture, ils combinent confort, style et praticit\u00e9. Gr\u00e2ce \u00e0 leur polyvalence...\" \/>\n<meta property=\"og:url\" content=\"https:\/\/www.plaidissimo.fr\/blog\/plaids-multi-usages-pour-la-maison-astuces-pour-un-interieur-malin\/\" \/>\n<meta property=\"og:site_name\" content=\"Plaidissimo\" \/>\n<meta property=\"article:published_time\" content=\"2024-11-29T23:06:55+00:00\" \/>\n<meta property=\"article:modified_time\" content=\"2024-11-29T23:14:11+00:00\" \/>\n<meta property=\"og:image\" content=\"https:\/\/www.plaidissimo.fr\/blog\/wp-content\/uploads\/2024\/11\/plaid-bleu-clair-sur-canape-moderne-E.png\" \/>\n\t<meta property=\"og:image:width\" content=\"1024\" \/>\n\t<meta property=\"og:image:height\" content=\"1024\" \/>\n\t<meta property=\"og:image:type\" content=\"image\/png\" \/>\n<meta name=\"author\" content=\"shfstgl65rgdfluzhrv\" \/>\n<meta name=\"twitter:card\" content=\"summary_large_image\" \/>\n<meta name=\"twitter:label1\" content=\"\u00c9crit par\" \/>\n\t<meta name=\"twitter:data1\" content=\"shfstgl65rgdfluzhrv\" \/>\n\t<meta name=\"twitter:label2\" content=\"Dur\u00e9e de lecture estim\u00e9e\" \/>\n\t<meta name=\"twitter:data2\" content=\"5 minutes\" \/>\n<script type=\"application\/ld+json\" class=\"yoast-schema-graph\">{\"@context\":\"https:\/\/schema.org\",\"@graph\":[{\"@type\":\"WebPage\",\"@id\":\"https:\/\/www.plaidissimo.fr\/blog\/plaids-multi-usages-pour-la-maison-astuces-pour-un-interieur-malin\/\",\"url\":\"https:\/\/www.plaidissimo.fr\/blog\/plaids-multi-usages-pour-la-maison-astuces-pour-un-interieur-malin\/\",\"name\":\"Plaids multi-usages pour la maison et astuces pour un int\u00e9rieur malin\",\"isPartOf\":{\"@id\":\"https:\/\/www.plaidissimo.fr\/blog\/#website\"},\"primaryImageOfPage\":{\"@id\":\"https:\/\/www.plaidissimo.fr\/blog\/plaids-multi-usages-pour-la-maison-astuces-pour-un-interieur-malin\/#primaryimage\"},\"image\":{\"@id\":\"https:\/\/www.plaidissimo.fr\/blog\/plaids-multi-usages-pour-la-maison-astuces-pour-un-interieur-malin\/#primaryimage\"},\"thumbnailUrl\":\"https:\/\/www.plaidissimo.fr\/blog\/wp-content\/uploads\/2024\/11\/plaid-bleu-clair-sur-canape-moderne-E.png\",\"datePublished\":\"2024-11-29T23:06:55+00:00\",\"dateModified\":\"2024-11-29T23:14:11+00:00\",\"author\":{\"@id\":\"https:\/\/www.plaidissimo.fr\/blog\/#\/schema\/person\/d16baedd5a3eebeb8ff793e51fa49aa7\"},\"description\":\"Les plaids sont des incontournables des int\u00e9rieurs modernes. Bien plus qu\u2019une simple couverture, ils combinent confort, style et praticit\u00e9. Gr\u00e2ce \u00e0 leur polyvalence...\",\"inLanguage\":\"fr-FR\",\"potentialAction\":[{\"@type\":\"ReadAction\",\"target\":[\"https:\/\/www.plaidissimo.fr\/blog\/plaids-multi-usages-pour-la-maison-astuces-pour-un-interieur-malin\/\"]}]},{\"@type\":\"ImageObject\",\"inLanguage\":\"fr-FR\",\"@id\":\"https:\/\/www.plaidissimo.fr\/blog\/plaids-multi-usages-pour-la-maison-astuces-pour-un-interieur-malin\/#primaryimage\",\"url\":\"https:\/\/www.plaidissimo.fr\/blog\/wp-content\/uploads\/2024\/11\/plaid-bleu-clair-sur-canape-moderne-E.png\",\"contentUrl\":\"https:\/\/www.plaidissimo.fr\/blog\/wp-content\/uploads\/2024\/11\/plaid-bleu-clair-sur-canape-moderne-E.png\",\"width\":1024,\"height\":1024,\"caption\":\"Plaid bleu clair sur canap\u00e9 moderne\"},{\"@type\":\"WebSite\",\"@id\":\"https:\/\/www.plaidissimo.fr\/blog\/#website\",\"url\":\"https:\/\/www.plaidissimo.fr\/blog\/\",\"name\":\"Plaidissimo\",\"description\":\"Partager la passion des plaids\",\"potentialAction\":[{\"@type\":\"SearchAction\",\"target\":{\"@type\":\"EntryPoint\",\"urlTemplate\":\"https:\/\/www.plaidissimo.fr\/blog\/?s={search_term_string}\"},\"query-input\":{\"@type\":\"PropertyValueSpecification\",\"valueRequired\":true,\"valueName\":\"search_term_string\"}}],\"inLanguage\":\"fr-FR\"},{\"@type\":\"Person\",\"@id\":\"https:\/\/www.plaidissimo.fr\/blog\/#\/schema\/person\/d16baedd5a3eebeb8ff793e51fa49aa7\",\"name\":\"shfstgl65rgdfluzhrv\"}]}<\/script>\n<!-- \/ Yoast SEO plugin. -->","yoast_head_json":{"title":"Plaids multi-usages pour la maison et astuces pour un int\u00e9rieur malin","description":"Les plaids sont des incontournables des int\u00e9rieurs modernes. Bien plus qu\u2019une simple couverture, ils combinent confort, style et praticit\u00e9. Gr\u00e2ce \u00e0 leur polyvalence...","robots":{"index":"index","follow":"follow","max-snippet":"max-snippet:-1","max-image-preview":"max-image-preview:large","max-video-preview":"max-video-preview:-1"},"canonical":"https:\/\/www.plaidissimo.fr\/blog\/plaids-multi-usages-pour-la-maison-astuces-pour-un-interieur-malin\/","og_locale":"fr_FR","og_type":"article","og_title":"Plaids multi-usages pour la maison et astuces pour un int\u00e9rieur malin","og_description":"Les plaids sont des incontournables des int\u00e9rieurs modernes. Bien plus qu\u2019une simple couverture, ils combinent confort, style et praticit\u00e9. Gr\u00e2ce \u00e0 leur polyvalence...","og_url":"https:\/\/www.plaidissimo.fr\/blog\/plaids-multi-usages-pour-la-maison-astuces-pour-un-interieur-malin\/","og_site_name":"Plaidissimo","article_published_time":"2024-11-29T23:06:55+00:00","article_modified_time":"2024-11-29T23:14:11+00:00","og_image":[{"width":1024,"height":1024,"url":"https:\/\/www.plaidissimo.fr\/blog\/wp-content\/uploads\/2024\/11\/plaid-bleu-clair-sur-canape-moderne-E.png","type":"image\/png"}],"author":"shfstgl65rgdfluzhrv","twitter_card":"summary_large_image","twitter_misc":{"\u00c9crit par":"shfstgl65rgdfluzhrv","Dur\u00e9e de lecture estim\u00e9e":"5 minutes"},"schema":{"@context":"https:\/\/schema.org","@graph":[{"@type":"WebPage","@id":"https:\/\/www.plaidissimo.fr\/blog\/plaids-multi-usages-pour-la-maison-astuces-pour-un-interieur-malin\/","url":"https:\/\/www.plaidissimo.fr\/blog\/plaids-multi-usages-pour-la-maison-astuces-pour-un-interieur-malin\/","name":"Plaids multi-usages pour la maison et astuces pour un int\u00e9rieur malin","isPartOf":{"@id":"https:\/\/www.plaidissimo.fr\/blog\/#website"},"primaryImageOfPage":{"@id":"https:\/\/www.plaidissimo.fr\/blog\/plaids-multi-usages-pour-la-maison-astuces-pour-un-interieur-malin\/#primaryimage"},"image":{"@id":"https:\/\/www.plaidissimo.fr\/blog\/plaids-multi-usages-pour-la-maison-astuces-pour-un-interieur-malin\/#primaryimage"},"thumbnailUrl":"https:\/\/www.plaidissimo.fr\/blog\/wp-content\/uploads\/2024\/11\/plaid-bleu-clair-sur-canape-moderne-E.png","datePublished":"2024-11-29T23:06:55+00:00","dateModified":"2024-11-29T23:14:11+00:00","author":{"@id":"https:\/\/www.plaidissimo.fr\/blog\/#\/schema\/person\/d16baedd5a3eebeb8ff793e51fa49aa7"},"description":"Les plaids sont des incontournables des int\u00e9rieurs modernes. Bien plus qu\u2019une simple couverture, ils combinent confort, style et praticit\u00e9. Gr\u00e2ce \u00e0 leur polyvalence...","inLanguage":"fr-FR","potentialAction":[{"@type":"ReadAction","target":["https:\/\/www.plaidissimo.fr\/blog\/plaids-multi-usages-pour-la-maison-astuces-pour-un-interieur-malin\/"]}]},{"@type":"ImageObject","inLanguage":"fr-FR","@id":"https:\/\/www.plaidissimo.fr\/blog\/plaids-multi-usages-pour-la-maison-astuces-pour-un-interieur-malin\/#primaryimage","url":"https:\/\/www.plaidissimo.fr\/blog\/wp-content\/uploads\/2024\/11\/plaid-bleu-clair-sur-canape-moderne-E.png","contentUrl":"https:\/\/www.plaidissimo.fr\/blog\/wp-content\/uploads\/2024\/11\/plaid-bleu-clair-sur-canape-moderne-E.png","width":1024,"height":1024,"caption":"Plaid bleu clair sur canap\u00e9 moderne"},{"@type":"WebSite","@id":"https:\/\/www.plaidissimo.fr\/blog\/#website","url":"https:\/\/www.plaidissimo.fr\/blog\/","name":"Plaidissimo","description":"Partager la passion des plaids","potentialAction":[{"@type":"SearchAction","target":{"@type":"EntryPoint","urlTemplate":"https:\/\/www.plaidissimo.fr\/blog\/?s={search_term_string}"},"query-input":{"@type":"PropertyValueSpecification","valueRequired":true,"valueName":"search_term_string"}}],"inLanguage":"fr-FR"},{"@type":"Person","@id":"https:\/\/www.plaidissimo.fr\/blog\/#\/schema\/person\/d16baedd5a3eebeb8ff793e51fa49aa7","name":"shfstgl65rgdfluzhrv"}]}},"featured_image_src":"https:\/\/www.plaidissimo.fr\/blog\/wp-content\/uploads\/2024\/11\/plaid-bleu-clair-sur-canape-moderne-E-600x400.png","featured_image_src_square":"https:\/\/www.plaidissimo.fr\/blog\/wp-content\/uploads\/2024\/11\/plaid-bleu-clair-sur-canape-moderne-E-600x600.png","author_info":{"display_name":"shfstgl65rgdfluzhrv","author_link":"https:\/\/www.plaidissimo.fr\/blog\/author\/nadezda\/"},"_links":{"self":[{"href":"https:\/\/www.plaidissimo.fr\/blog\/wp-json\/wp\/v2\/posts\/768","targetHints":{"allow":["GET"]}}],"collection":[{"href":"https:\/\/www.plaidissimo.fr\/blog\/wp-json\/wp\/v2\/posts"}],"about":[{"href":"https:\/\/www.plaidissimo.fr\/blog\/wp-json\/wp\/v2\/types\/post"}],"author":[{"embeddable":true,"href":"https:\/\/www.plaidissimo.fr\/blog\/wp-json\/wp\/v2\/users\/2"}],"replies":[{"embeddable":true,"href":"https:\/\/www.plaidissimo.fr\/blog\/wp-json\/wp\/v2\/comments?post=768"}],"version-history":[{"count":6,"href":"https:\/\/www.plaidissimo.fr\/blog\/wp-json\/wp\/v2\/posts\/768\/revisions"}],"predecessor-version":[{"id":777,"href":"https:\/\/www.plaidissimo.fr\/blog\/wp-json\/wp\/v2\/posts\/768\/revisions\/777"}],"wp:featuredmedia":[{"embeddable":true,"href":"https:\/\/www.plaidissimo.fr\/blog\/wp-json\/wp\/v2\/media\/772"}],"wp:attachment":[{"href":"https:\/\/www.plaidissimo.fr\/blog\/wp-json\/wp\/v2\/media?parent=768"}],"wp:term":[{"taxonomy":"category","embeddable":true,"href":"https:\/\/www.plaidissimo.fr\/blog\/wp-json\/wp\/v2\/categories?post=768"},{"taxonomy":"post_tag","embeddable":true,"href":"https:\/\/www.plaidissimo.fr\/blog\/wp-json\/wp\/v2\/tags?post=768"}],"curies":[{"name":"wp","href":"https:\/\/api.w.org\/{rel}","templated":true}]}}