{"id":149,"date":"2016-08-29T13:00:34","date_gmt":"2016-08-29T11:00:34","guid":{"rendered":"https:\/\/blog.plaidissimo.fr\/?p=149"},"modified":"2026-05-01T17:33:22","modified_gmt":"2026-05-01T15:33:22","slug":"laine-alpaga-nouvelle-tendance","status":"publish","type":"post","link":"https:\/\/www.plaidissimo.fr\/blog\/laine-alpaga-nouvelle-tendance\/","title":{"rendered":"Laine Alpaga \u2013 Nouvelle tendance"},"content":{"rendered":"\n<div class=\"wp-block-cover is-light\"><span aria-hidden=\"true\" class=\"wp-block-cover__background has-background-dim\"><\/span><img loading=\"lazy\" decoding=\"async\" width=\"838\" height=\"500\" class=\"wp-block-cover__image-background wp-image-436\" src=\"https:\/\/www.plaidissimo.fr\/blog\/wp-content\/uploads\/2018\/11\/elevage-alpaga-source.jpg\" data-object-fit=\"cover\" srcset=\"https:\/\/www.plaidissimo.fr\/blog\/wp-content\/uploads\/2018\/11\/elevage-alpaga-source.jpg 838w, https:\/\/www.plaidissimo.fr\/blog\/wp-content\/uploads\/2018\/11\/elevage-alpaga-source-248x148.jpg 248w, https:\/\/www.plaidissimo.fr\/blog\/wp-content\/uploads\/2018\/11\/elevage-alpaga-source-355x212.jpg 355w, https:\/\/www.plaidissimo.fr\/blog\/wp-content\/uploads\/2018\/11\/elevage-alpaga-source-768x458.jpg 768w, https:\/\/www.plaidissimo.fr\/blog\/wp-content\/uploads\/2018\/11\/elevage-alpaga-source-700x418.jpg 700w, https:\/\/www.plaidissimo.fr\/blog\/wp-content\/uploads\/2018\/11\/elevage-alpaga-source-599x357.jpg 599w, https:\/\/www.plaidissimo.fr\/blog\/wp-content\/uploads\/2018\/11\/elevage-alpaga-source-300x179.jpg 300w\" sizes=\"auto, (max-width: 767px) 89vw, (max-width: 1000px) 54vw, (max-width: 1071px) 543px, 580px\" \/><div class=\"wp-block-cover__inner-container is-layout-flow wp-block-cover-is-layout-flow\">\n<p class=\"has-text-align-center has-large-font-size\">L&rsquo;alpaga<br>un must have<\/p>\n<\/div><\/div>\n\n\n\n<h2 class=\"wp-block-heading\">Histoire de la laine alpaga<\/h2>\n\n\n\n<p>Il y a plusieurs ann\u00e9es en arri\u00e8re, les alpaga ont \u00e9t\u00e9 domestiqu\u00e9s par les habitats des Andes en Am\u00e9rique du sud. A l\u2019\u00e9poque de l\u2019empire des Incas, la laine alpaga \u00e9tait la monnaie locale fut tr\u00e8s appr\u00e9ci\u00e9 pour ses couleurs uniques et sa tr\u00e8s haute qualit\u00e9. Lorsque les espagnoles sont arriv\u00e9s dans le sud du continent Am\u00e9ricain, ils n\u2019ont pas compris l\u2019int\u00e9r\u00eat et les propri\u00e9t\u00e9s de la laine alpage et ont commenc\u00e9s l\u2019\u00e9levage de moutons \u00e0 grand \u00e9chelle. La popularit\u00e9 de la laine alpaga \u00e0 repris au alentours de 1984, lorsque les Etats-Unis ont commenc\u00e9s \u00e0 importer des animaux en provenance du Chili.<\/p>\n\n\n\n<p>A ce jour, le P\u00e9rou est le plus grand producteur de la laine alpaga. Il produit\u00a0environs 4000 tonnes, en sachant que la laine d\u2019un alpaga est cisaill\u00e9 une fois tous les deux ans.<\/p>\n\n\n\n<p>&nbsp;<\/p>\n\n\n\n<p class=\"intro-lead\">La laine d&rsquo;alpaga fascine depuis des si\u00e8cles les artisans andins \u2014 et elle s\u00e9duit aujourd&rsquo;hui les amateurs de textiles haut de gamme du monde entier. L\u00e9g\u00e8re, thermor\u00e9gulante, hypoallerg\u00e9nique et d&rsquo;une douceur incomparable, elle s&rsquo;impose comme <strong>la mati\u00e8re de r\u00e9f\u00e9rence pour un plaid de qualit\u00e9<\/strong>. Cet article vous explique pourquoi, chiffres et comparaisons \u00e0 l&rsquo;appui.<\/p>\n\n\n\n<p>Pour aller encore plus loin, retrouvez toutes nos recommandations dans le <a title=\"Guide complet plaid en alpaga\" href=\"https:\/\/www.plaidissimo.fr\/blog\/guide-plaid-en-alpaga\/\">guide complet du plaid en alpaga<\/a>.<\/p>\n\n\n\n<h2 class=\"wp-block-heading\">L&rsquo;alpaga : un animal, une fibre d&rsquo;exception<\/h2>\n\n\n\n<p>L&rsquo;alpaga (<em>Vicugna pacos<\/em>) est un cam\u00e9lid\u00e9 originaire des hauts plateaux andins, \u00e9lev\u00e9 principalement au P\u00e9rou, en Bolivie et en \u00c9quateur entre 3 500 et 5 000 m\u00e8tres d&rsquo;altitude. Il existe deux vari\u00e9t\u00e9s principales : le <strong>Huacaya<\/strong> (90 % de la production mondiale), dont la toison est \u00e9paisse et boucl\u00e9e, et le <strong>Suri<\/strong> (10 %), dont les fibres tombent en m\u00e8ches soyeuses et brillantes.<\/p>\n\n\n\n<p>Contrairement \u00e0 une id\u00e9e re\u00e7ue, l&rsquo;alpaga n&rsquo;est <strong>pas tondu tous les deux ans mais une fois par an<\/strong>, en fin de printemps austral (octobre-novembre). Chaque animal produit entre 2 et 4 kg de fibre par tonte. La production mondiale est d&rsquo;environ 5 000 tonnes par an \u2014 \u00e0 titre de comparaison, la laine de mouton repr\u00e9sente plusieurs millions de tonnes. Cette raret\u00e9 relative explique en partie le positionnement premium de la fibre.<\/p>\n\n\n\n<figure class=\"wp-block-image is-resized\"><img loading=\"lazy\" decoding=\"async\" width=\"838\" height=\"500\" src=\"https:\/\/www.plaidissimo.fr\/blog\/wp-content\/uploads\/2018\/11\/plaids-pure-alpaga-avec-fourrure-source.jpg\" alt=\"Laine 100% Baby Alpaga\" class=\"wp-image-438\" srcset=\"https:\/\/www.plaidissimo.fr\/blog\/wp-content\/uploads\/2018\/11\/plaids-pure-alpaga-avec-fourrure-source.jpg 838w, https:\/\/www.plaidissimo.fr\/blog\/wp-content\/uploads\/2018\/11\/plaids-pure-alpaga-avec-fourrure-source-248x148.jpg 248w, https:\/\/www.plaidissimo.fr\/blog\/wp-content\/uploads\/2018\/11\/plaids-pure-alpaga-avec-fourrure-source-355x212.jpg 355w, https:\/\/www.plaidissimo.fr\/blog\/wp-content\/uploads\/2018\/11\/plaids-pure-alpaga-avec-fourrure-source-768x458.jpg 768w, https:\/\/www.plaidissimo.fr\/blog\/wp-content\/uploads\/2018\/11\/plaids-pure-alpaga-avec-fourrure-source-700x418.jpg 700w, https:\/\/www.plaidissimo.fr\/blog\/wp-content\/uploads\/2018\/11\/plaids-pure-alpaga-avec-fourrure-source-599x357.jpg 599w, https:\/\/www.plaidissimo.fr\/blog\/wp-content\/uploads\/2018\/11\/plaids-pure-alpaga-avec-fourrure-source-300x179.jpg 300w\" sizes=\"auto, (max-width: 767px) 89vw, (max-width: 1000px) 54vw, (max-width: 1071px) 543px, 580px\" \/><\/figure>\n\n\n\n<h2 class=\"wp-block-heading\">Caract\u00e9ristiques techniques : grades et microns<\/h2>\n\n\n\n<p>La qualit\u00e9 d&rsquo;une fibre se mesure en <strong>microns (\u00b5m)<\/strong> \u2014 le diam\u00e8tre moyen d&rsquo;un cheveu humain est de 70 \u00b5m. En dessous de 30 \u00b5m, une fibre ne stimule pas les r\u00e9cepteurs m\u00e9caniques de la peau et ne provoque donc aucune sensation de picotement. La laine d&rsquo;alpaga se divise en cinq grades officiels :<\/p>\n\n\n\n<figure class=\"wp-block-table is-style-stripes\">\n<table>\n<thead>\n<tr>\n<th>Grade<\/th>\n<th>Finesse (\u00b5m)<\/th>\n<th>Usage typique<\/th>\n<\/tr>\n<\/thead>\n<tbody>\n<tr>\n<td><strong>Royal alpaga<\/strong><\/td>\n<td>\u2264 19 \u00b5m<\/td>\n<td>Haute couture, layette<\/td>\n<\/tr>\n<tr>\n<td><strong>Baby alpaga<\/strong><\/td>\n<td>18 \u2013 22 \u00b5m<\/td>\n<td>Plaids, \u00e9charpes, v\u00eatements peau<\/td>\n<\/tr>\n<tr>\n<td><strong>Super fine<\/strong><\/td>\n<td>22 \u2013 25 \u00b5m<\/td>\n<td>Tricots fins, ch\u00e2les<\/td>\n<\/tr>\n<tr>\n<td><strong>Fine alpaga<\/strong><\/td>\n<td>25 \u2013 29 \u00b5m<\/td>\n<td>Pulls, couvertures<\/td>\n<\/tr>\n<tr>\n<td><strong>Standard alpaga<\/strong><\/td>\n<td>30 \u2013 33 \u00b5m<\/td>\n<td>Tapis, accessoires<\/td>\n<\/tr>\n<\/tbody>\n<\/table>\n<\/figure>\n\n\n\n<p>Les plaids Plaidissimo sont exclusivement tiss\u00e9s en <strong>baby alpaga (18 \u2013 22 \u00b5m)<\/strong>, le grade optimal pour un contact direct avec la peau \u2014 y compris pour les peaux sensibles.<\/p>\n\n\n\n<h2 class=\"wp-block-heading\">Les avantages de la laine d&rsquo;alpaga pour un plaid<\/h2>\n\n\n\n<h3 class=\"wp-block-heading\">Une douceur exceptionnelle d\u00e8s le premier contact<\/h3>\n\n\n\n<p>La fibre d&rsquo;alpaga est naturellement lisse et uniforme. Elle ne contient <strong>pas de lanoline<\/strong> \u2014 la graisse pr\u00e9sente dans la laine de mouton et responsable de nombreuses r\u00e9actions allergiques. R\u00e9sultat : un toucher soyeux, imm\u00e9diat, sans p\u00e9riode de \u00ab\u00a0rodage\u00a0\u00bb.<\/p>\n\n\n\n<h3 class=\"wp-block-heading\">Thermor\u00e9gulation naturelle<\/h3>\n\n\n\n<p>La structure creuse (m\u00e9dull\u00e9e) de la fibre d&rsquo;alpaga emprisonne l&rsquo;air et cr\u00e9e une isolation thermique remarquable. Un plaid en baby alpaga est <strong>chaud sans \u00eatre \u00e9touffant<\/strong> : la fibre r\u00e9gule la temp\u00e9rature corporelle aussi bien l&rsquo;hiver (isolation) que les demi-saisons (\u00e9vacuation de l&rsquo;humidit\u00e9). Pour en savoir plus, consultez notre article d\u00e9di\u00e9 : <a title=\"L'alpaga tient-il chaud ?\" href=\"https:\/\/www.plaidissimo.fr\/blog\/alpaga-chaud\/\">l&rsquo;alpaga tient-il vraiment chaud ?<\/a><\/p>\n\n\n\n<h3 class=\"wp-block-heading\">Hypoallerg\u00e9nique<\/h3>\n\n\n\n<p>L&rsquo;absence de lanoline, combin\u00e9e \u00e0 des fibres fines et lisses qui n&rsquo;irritent pas m\u00e9caniquement la peau, fait de l&rsquo;alpaga la mati\u00e8re de choix pour les personnes allergiques \u00e0 la laine classique. <a title=\"Est-ce que l'alpaga pique ?\" href=\"https:\/\/www.plaidissimo.fr\/blog\/alpaga-pique\/\">L&rsquo;alpaga pique-t-il vraiment ?<\/a> La r\u00e9ponse courte : non \u2014 \u00e0 condition de choisir du baby alpaga (\u2264 22 \u00b5m).<\/p>\n\n\n\n<h3 class=\"wp-block-heading\">Durabilit\u00e9 sup\u00e9rieure<\/h3>\n\n\n\n<p>La fibre d&rsquo;alpaga est <strong>quatre fois plus r\u00e9sistante que la laine de mouton<\/strong> \u00e0 la traction. Un plaid en baby alpaga bien entretenu dure 10 \u00e0 15 ans, contre 4 \u00e0 6 ans pour un \u00e9quivalent en cachemire. Sur le long terme, c&rsquo;est donc l&rsquo;investissement le plus rentable.<\/p>\n\n\n\n<h3 class=\"wp-block-heading\">R\u00e9sistance naturelle aux acariens et moisissures<\/h3>\n\n\n\n<p>La structure lisse de la fibre et l&rsquo;absence de lanoline offrent un environnement d\u00e9favorable aux acariens. Contrairement \u00e0 la laine classique, l&rsquo;alpaga ne n\u00e9cessite pas de traitements chimiques antimites pour conserver ses propri\u00e9t\u00e9s dans le temps.<\/p>\n\n\n\n<h3 class=\"wp-block-heading\">Impact environnemental ma\u00eetris\u00e9<\/h3>\n\n\n\n<p>L&rsquo;alpaga p\u00e2ture en libert\u00e9 sur les hauts plateaux andins. Ses sabots souples n&rsquo;arrachent pas les racines, limitant l&rsquo;\u00e9rosion des sols. La fili\u00e8re baby alpaga p\u00e9ruvienne est l&rsquo;une des rares fili\u00e8res textiles premiums \u00e0 rester majoritairement artisanale et tra\u00e7able.<\/p>\n\n\n\n<h2 class=\"wp-block-heading\">Alpaga vs cachemire : lequel choisir pour votre plaid ?<\/h2>\n\n\n\n<p>Ces deux fibres occupent le segment premium du march\u00e9 textile, mais elles ne se valent pas sur tous les crit\u00e8res. Le cachemire (14 \u2013 16 \u00b5m) est l\u00e9g\u00e8rement plus fin, mais il est aussi plus fragile et nettement plus cher \u2014 en partie \u00e0 cause d&rsquo;une demande mondiale croissante et de pratiques d&rsquo;\u00e9levage intensif en Asie centrale qui fragilisent la fili\u00e8re.<\/p>\n\n\n\n<p>L&rsquo;alpaga, moins connu en Europe, offre une dur\u00e9e de vie deux \u00e0 trois fois sup\u00e9rieure pour un prix au m\u00e8tre comparable. Pour une comparaison compl\u00e8te crit\u00e8re par crit\u00e8re (\u00b5m, prix, dur\u00e9e de vie, entretien, environnement), lisez notre analyse : <a title=\"Alpaga vs cachemire : comparaison compl\u00e8te\" href=\"https:\/\/www.plaidissimo.fr\/blog\/alpaga-vs-cachemire\/\">alpaga vs cachemire \u2014 lequel choisir ?<\/a><\/p>\n\n\n\n<h2 class=\"wp-block-heading\">Plaid en laine d&rsquo;alpaga : couverture ou plaid, quelle diff\u00e9rence ?<\/h2>\n\n\n\n<p>On parle souvent de \u00ab\u00a0couverture en alpaga\u00a0\u00bb et de \u00ab\u00a0plaid en alpaga\u00a0\u00bb pour d\u00e9signer le m\u00eame produit \u2014 la diff\u00e9rence est surtout contextuelle. La couverture s&rsquo;utilise sur un lit (dimensions adapt\u00e9es : 150 \u00d7 200 cm pour un lit 90 cm, 180 \u00d7 220 cm pour un lit 140 \u2013 160 cm) ; le plaid, plus souvent sur un canap\u00e9 ou un fauteuil, adopte des formats plus libres.<\/p>\n\n\n\n<p>Dans les deux cas, le grammage compte : comptez 180 \u2013 240 g\/m\u00b2 pour une demi-saison, 280 \u2013 300 g\/m\u00b2 pour un usage toutes saisons, et 300 \u2013 380 g\/m\u00b2 pour les nuits froides. Pour tout savoir sur les dimensions et grammages : <a title=\"Couverture alpaga : guide d'achat\" href=\"https:\/\/www.plaidissimo.fr\/blog\/couverture-alpaga\/\">notre guide couverture alpaga<\/a>.<\/p>\n\n\n\n<h2 class=\"wp-block-heading\">Entretien d&rsquo;un plaid en laine d&rsquo;alpaga<\/h2>\n\n\n\n<p>La laine d&rsquo;alpaga est plus facile \u00e0 entretenir que le cachemire, mais elle demande quelques pr\u00e9cautions :<\/p>\n\n\n\n<ul class=\"wp-block-list\">\n<li>\n<ul class=\"wp-block-list\">\n<li><strong>Lavage \u00e0 la main<\/strong> ou en machine \u00e0 30 \u00b0C, programme laine d\u00e9licat \u2014 sans essorage.<\/li>\n\n\n\n<li><strong>Lessive douce<\/strong> sans enzymes ni agents blanchissants (\u00e9viter les lessives universelles).<\/li>\n\n\n\n<li><strong>S\u00e9chage \u00e0 plat<\/strong>, hors lumi\u00e8re directe du soleil, pour conserver les dimensions d&rsquo;origine.<\/li>\n<\/ul>\n<\/li>\n<\/ul>\n\n\n\n<p><\/p>\n\n\n\n<p><\/p>\n\n\n\n<ul class=\"wp-block-list\">\n<li>\n<ul class=\"wp-block-list\">\n<li><strong>Pas de s\u00e8che-linge<\/strong> \u2014 la chaleur provoque le feutrage irr\u00e9versible de la fibre.<\/li>\n<\/ul>\n<\/li>\n<\/ul>\n\n\n\n<p><\/p>\n\n\n\n<p><\/p>\n\n\n\n<ul class=\"wp-block-list\">\n<li>\n<ul class=\"wp-block-list\">\n<li><strong>Repassage d\u00e9conseill\u00e9<\/strong> \u2014 si n\u00e9cessaire, utiliser un fer vapeur \u00e0 distance (sans contact direct).<\/li>\n<\/ul>\n<\/li>\n<\/ul>\n\n\n\n<p><\/p>\n\n\n\n<p><\/p>\n\n\n\n<ul class=\"wp-block-list\">\n<li>\n<ul class=\"wp-block-list\">\n<li><strong>Stockage<\/strong> : pli\u00e9 (jamais suspendu), dans une housse respirante avec sachets anti-mites naturels (lavande, c\u00e8dre).<\/li>\n<\/ul>\n<\/li>\n<\/ul>\n\n\n\n<p><\/p>\n\n\n\n<p><\/p>\n\n\n\n<p><\/p>\n\n\n\n<p>Retrouvez tous les d\u00e9tails dans notre guide complet : <a title=\"Entretien plaid alpaga : guide complet\" href=\"https:\/\/www.plaidissimo.fr\/blog\/entretien-plaid-alpaga\/\">entretien et lavage d&rsquo;un plaid en alpaga<\/a>.<\/p>\n\n\n\n<p><\/p>\n\n\n\n<p><\/p>\n\n\n\n<h2 class=\"wp-block-heading\">Les plaids Plaidissimo : 100 % baby alpaga du P\u00e9rou<\/h2>\n\n\n\n<p>Tous nos plaids sont tiss\u00e9s en <strong>baby alpaga 100 % p\u00e9ruvien<\/strong>, certifi\u00e9 et tra\u00e7able. La collection compte <strong>22 coloris<\/strong> \u2014 des teintes naturelles (blanc cr\u00e8me, gris chin\u00e9, camel) aux nuances contemporaines (bleu p\u00e9trole, terracotta, vert sauge) \u2014 pour s&rsquo;adapter \u00e0 tous les int\u00e9rieurs.<\/p>\n\n\n\n<p>Chaque pi\u00e8ce est fabriqu\u00e9e par des artisans andins selon des techniques transmises depuis des g\u00e9n\u00e9rations, avec des fibres s\u00e9lectionn\u00e9es au grade baby alpaga (18 \u2013 22 \u00b5m) pour garantir une douceur optimale d\u00e8s le premier usage.<\/p>\n\n\n\n<div class=\"wp-block-buttons\">\n<div class=\"wp-block-button\"><a class=\"wp-block-button__link has-white-color has-vivid-red-background-color has-text-color has-background wp-element-button\" style=\"border-radius: 4px;\" title=\"Voir les plaids en alpaga baby alpaga\" href=\"https:\/\/www.plaidissimo.fr\/fr\/ca15-plaid-en-alpaga-baby-alpaga\">D\u00e9couvrir la collection \u2192<\/a><\/div>\n<p><\/p>\n<\/div>\n\n\n\n<hr class=\"wp-block-separator has-alpha-channel-opacity\"\/>\n\n\n\n<h2 class=\"wp-block-heading\">Questions fr\u00e9quentes sur la laine d&rsquo;alpaga<\/h2>\n\n\n\n<h3 class=\"wp-block-heading\">La laine d&rsquo;alpaga est-elle vraiment hypoallerg\u00e9nique ?<\/h3>\n\n\n\n<p>Oui. La laine d&rsquo;alpaga ne contient pas de lanoline (la graisse de la laine de mouton responsable de la plupart des r\u00e9actions allergiques). De plus, les fibres baby alpaga (\u2264 22 \u00b5m) sont trop fines pour stimuler m\u00e9caniquement les r\u00e9cepteurs cutan\u00e9s. Elle convient donc aux personnes allergiques \u00e0 la laine classique \u2014 mais en cas d&rsquo;allergie av\u00e9r\u00e9e aux prot\u00e9ines animales, un test de contact reste conseill\u00e9.<\/p>\n\n\n\n<h3 class=\"wp-block-heading\">Quelle est la diff\u00e9rence entre baby alpaga et alpaga standard ?<\/h3>\n\n\n\n<p>Le baby alpaga d\u00e9signe les fibres de moins de 22 \u00b5m \u2014 issues des premi\u00e8res tontes ou des zones les plus fines du corps de l&rsquo;animal, pas forc\u00e9ment de jeunes alpaga. L&rsquo;alpaga standard (30 \u2013 33 \u00b5m) est plus grossier et peut picoter l\u00e9g\u00e8rement. Pour un plaid en contact avec la peau, seul le grade baby alpaga est recommand\u00e9.<\/p>\n\n\n\n<h3 class=\"wp-block-heading\">Comment entretenir un plaid en alpaga ?<\/h3>\n\n\n\n<p>Lavage \u00e0 30 \u00b0C en programme d\u00e9licat (ou \u00e0 la main), lessive douce sans enzymes, s\u00e9chage \u00e0 plat. Pas de s\u00e8che-linge, pas de repassage direct. Un plaid bien entretenu conserve ses propri\u00e9t\u00e9s pendant 10 \u00e0 15 ans.<\/p>\n\n\n\n<h3 class=\"wp-block-heading\">Combien de temps dure un plaid en baby alpaga ?<\/h3>\n\n\n\n<p>Entre 10 et 15 ans avec un entretien appropri\u00e9 \u2014 deux \u00e0 trois fois la dur\u00e9e de vie d&rsquo;un plaid en cachemire. La r\u00e9sistance \u00e0 la traction de la fibre d&rsquo;alpaga est quatre fois sup\u00e9rieure \u00e0 celle de la laine de mouton.<\/p>\n\n\n\n<h3 class=\"wp-block-heading\">O\u00f9 sont fabriqu\u00e9s les plaids s\u00e9lectionn\u00e9s par Plaidissimo ?<\/h3>\n\n\n\n<p>Les plaids s\u00e9lectionn\u00e9s par Plaidissimo sont tiss\u00e9s au P\u00e9rou par des artisans andins, \u00e0 partir de fibres baby alpaga 100 % p\u00e9ruviennes s\u00e9lectionn\u00e9es entre 3 500 et 5 000 m d&rsquo;altitude. La fili\u00e8re est tra\u00e7able du troupeau au produit fini.<\/p>\n\n\n\n<p><em>Pour aller plus loin, consultez notre <a title=\"Guide complet plaid en alpaga\" href=\"https:\/\/www.plaidissimo.fr\/blog\/guide-plaid-en-alpaga\/\">guide complet du plaid en alpaga<\/a> \u2014 histoire, grades, entretien, conseils d&rsquo;achat.<\/em><\/p>\n\n\n\n<p>La <strong>laine alpaga<\/strong> est tr\u00e8s appr\u00e9ci\u00e9 dans le monde entier et s\u2019impose comme une nouvelle tendance. La&nbsp;<strong>laine alpaga<\/strong> combine les propri\u00e9t\u00e9 curatives de la laine de chameaux tout en \u00e9tant une laine beaucoup plus l\u00e9g\u00e8re, moelleuse et soyeuse. Les fibres d\u2019alpaga sont plus droites que la laine de chameau ou de mouton, elles sont brillantes et tr\u00e8s agr\u00e9able pour la peau. Ces fibres sont id\u00e9ales pour le tissage ou l\u2019enchev\u00eatrement, car elles ne disposent pas de m\u00e9moire de forme. Il est int\u00e9ressant de savoir que dans la majorit\u00e9 des cas, la <strong>laine alpaga<\/strong> ne se teinte pas, il existe en effet 24 coloris naturels. La palette se varie du blanc au noir. La finesse de la laine d\u2019alpaga s\u2019\u00e9tablie entre 15 et 35 microns.<\/p>\n\n\n\n<p><\/p>\n\n\n\n<figure class=\"wp-block-image is-resized\"><img loading=\"lazy\" decoding=\"async\" width=\"838\" height=\"500\" src=\"https:\/\/www.plaidissimo.fr\/blog\/wp-content\/uploads\/2018\/11\/plaids-en-laine-alpaga-source.jpg\" alt=\"Plaids en Alpaga - Couleurs naturelles\" class=\"wp-image-437\" srcset=\"https:\/\/www.plaidissimo.fr\/blog\/wp-content\/uploads\/2018\/11\/plaids-en-laine-alpaga-source.jpg 838w, https:\/\/www.plaidissimo.fr\/blog\/wp-content\/uploads\/2018\/11\/plaids-en-laine-alpaga-source-248x148.jpg 248w, https:\/\/www.plaidissimo.fr\/blog\/wp-content\/uploads\/2018\/11\/plaids-en-laine-alpaga-source-355x212.jpg 355w, https:\/\/www.plaidissimo.fr\/blog\/wp-content\/uploads\/2018\/11\/plaids-en-laine-alpaga-source-768x458.jpg 768w, https:\/\/www.plaidissimo.fr\/blog\/wp-content\/uploads\/2018\/11\/plaids-en-laine-alpaga-source-700x418.jpg 700w, https:\/\/www.plaidissimo.fr\/blog\/wp-content\/uploads\/2018\/11\/plaids-en-laine-alpaga-source-599x357.jpg 599w, https:\/\/www.plaidissimo.fr\/blog\/wp-content\/uploads\/2018\/11\/plaids-en-laine-alpaga-source-300x179.jpg 300w\" sizes=\"auto, (max-width: 767px) 89vw, (max-width: 1000px) 54vw, (max-width: 1071px) 543px, 580px\" \/><\/figure>\n\n\n\n<p><\/p>\n\n\n\n<h2 class=\"wp-block-heading\">Les avantages de la laine alpaga<\/h2>\n\n\n\n<ul class=\"wp-block-list\">\n<li><strong>Une mati\u00e8re 100% naturelle<\/strong> \u2013 la laine alpaga est utilis\u00e9 avec des couleurs naturelles qui compte 24 vari\u00e9t\u00e9s.<\/li>\n\n\n\n<li><strong>Ne forme pas le boulochage<\/strong><\/li>\n\n\n\n<li><strong>Hygroscopique<\/strong> \u2013 la laine absorbe l\u2019humidit\u00e9 tr\u00e8s lentement<\/li>\n\n\n\n<li><strong>Durable<\/strong> \u2013 la laine est tr\u00e8s r\u00e9sistante et durable dans le temps<\/li>\n\n\n\n<li><strong>Bonne isolation<\/strong> \u2013 la laine tient chaud en hiver, elle prot\u00e8ge de la chaleur en \u00e9t\u00e9<\/li>\n\n\n\n<li><strong>Hypoallerg\u00e9nique<\/strong> \u2013 la laine alpaga ne provoque pas d\u2019allergie<\/li>\n\n\n\n<li><strong>Ne d\u00e9mange pas la peau<\/strong><\/li>\n\n\n\n<li><strong>Effet b\u00e9n\u00e9fique pour la sant\u00e9<\/strong> \u2013 la laine peut \u00e9liminer l\u2019irritabilit\u00e9, elle peut normaliser la pression sanguine et chauffer pendant le rhume<\/li>\n\n\n\n<li><strong>Garde hygi\u00e8ne<\/strong> \u2013 la laine n\u2019est pas attaqu\u00e9 par des acariens<\/li>\n\n\n\n<li><strong>Bonn passage d\u2019air<\/strong><\/li>\n\n\n\n<li><strong>N\u2019est pas inflammable<\/strong> \u2013 la laine n\u2019est pas inflammable, sauf si elle est en contact dicte avec le feu<\/li>\n<\/ul>\n\n\n\n<h2 class=\"wp-block-heading\">Les inconv\u00e9nients de la laine alpaga<\/h2>\n\n\n\n<ul class=\"wp-block-list\">\n<li><strong>M\u00eetes<\/strong> \u2013 la laine est souvent attaqu\u00e9 par les m\u00eetes, vous pouvez vous prot\u00e9ger avec un \u00e9pis de lavande<\/li>\n\n\n\n<li><strong>Peut co\u00fbter cher<\/strong> \u2013 en fonction de la qualit\u00e9 de la fibre la laine peut couter cher<\/li>\n<\/ul>\n\n\n\n<h2 class=\"wp-block-heading\">Entretien de plaid en laine alpaga<\/h2>\n\n\n\n<p>Afin de conserver votre plaid en alpaga en bon \u00e9tat le plus longtemps possible, il est important de bien l\u2019entretenir. N\u2019oubliez pas consulter l\u2019\u00e9tiquette d\u2019entretien du fabricant. Certains plaids doivent s\u2019entretenir \u00e0 sec, d\u2019autres peuvent \u00eatre lav\u00e9 \u00e0 l\u2019eau. Voici quelques conseils d\u2019entretien qui peuvent vous aider \u00e0 pr\u00e9server votre plaid en laine alpaga.<\/p>\n\n\n\n<p><\/p>\n\n\n\n<ul class=\"wp-block-list\">\n<li>Lavez votre plaid alpaga \u00e0 la main \u00e0 l\u2019eau maximum 30 \u00b0C, \u00e9vitez le laver \u00e0 la machine<\/li>\n\n\n\n<li>Ne jamais utilisez les produits \u00e0 la base de chlore, utilisez un shampoing ou lessive sp\u00e9cial laine<\/li>\n\n\n\n<li>Le rin\u00e7age doit se faire \u00e0 la m\u00eame temp\u00e9rature que le lavage<\/li>\n\n\n\n<li>Essorez le plaid \u00e0 la main sans le tordre<\/li>\n\n\n\n<li>Etalez le plaid sur une serviette \u00e0 plat pour le s\u00e9cher<\/li>\n\n\n\n<li>Ne jamais utiliser le s\u00e8che linge<\/li>\n\n\n\n<li>Prot\u00e9gez votre plaid alpaga des m\u00eetes avec des produits naturels comme lavande, par exemple.<\/li>\n\n\n\n<li>Ne repassez pas votre plaid en alpaga.<\/li>\n<\/ul>\n<!-- Begin Yuzo --><div class='yuzo_related_post style-1'  data-version='5.12.84'><!-- without result --><div class='yuzo_clearfixed yuzo__title yuzo__title'><h3>Poursuivez votre lecture<\/h3><\/div>\n\t\t\t\t\t\t  <div class=\"relatedthumb \" style=\"width:248px;float:left;overflow:hidden;\">  \n\t\t\t\t\t\t\t  \n\t\t\t\t\t\t\t  <a  href=\"https:\/\/www.plaidissimo.fr\/blog\/evelyne-prelonge-france-presentation\/\"  >\n\t\t\t\t\t\t\t\t\t  <div class=\"yuzo-img-wrap \" style=\"width: 248px;height:213px;\">\n\t\t\t\t\t\t\t\t\t\t\n\t\t\t\t\t\t\t\t\t\t<div class=\"yuzo-img\" style=\"background:url('https:\/\/www.plaidissimo.fr\/blog\/wp-content\/uploads\/2018\/11\/evelyne-prelonge-marque-plaids-france-source-355x212.jpg') 50% 50% no-repeat;width: 248px;height:213px;margin-bottom: 5px;background-size: cover; \"><\/div>\n\t\t\t\t\t\t\t\t\t  <\/div>\n\t\t\t\t\t\t\t\t\t  \n\t\t\t\t\t\t\t\t   <span class=\"yuzo__text--title\" style=\"font-size:16px;\">Evelyne Pr\u00e9longe France \u2013 D\u00e9couvrez la Marque<\/span>\n\t\t\t\t\t\t\t  \n\t\t\t\t\t\t\t  \n\t\t\t\t\t\t\t  <\/a>\n\n\t\t\t\t\t\t  <\/div>\n\t\t\t\t\t\t  <div class=\"relatedthumb \" style=\"width:248px;float:left;overflow:hidden;\">  \n\t\t\t\t\t\t\t  \n\t\t\t\t\t\t\t  <a  href=\"https:\/\/www.plaidissimo.fr\/blog\/comment-laver-nettoyer-mon-plaid\/\"  >\n\t\t\t\t\t\t\t\t\t  <div class=\"yuzo-img-wrap \" style=\"width: 248px;height:213px;\">\n\t\t\t\t\t\t\t\t\t\t\n\t\t\t\t\t\t\t\t\t\t<div class=\"yuzo-img\" style=\"background:url('https:\/\/www.plaidissimo.fr\/blog\/wp-content\/uploads\/2018\/11\/comment-nettoyer-et-laver-un-plaid-source-355x212.jpg') 50% 50% no-repeat;width: 248px;height:213px;margin-bottom: 5px;background-size: cover; \"><\/div>\n\t\t\t\t\t\t\t\t\t  <\/div>\n\t\t\t\t\t\t\t\t\t  \n\t\t\t\t\t\t\t\t   <span class=\"yuzo__text--title\" style=\"font-size:16px;\">Comment laver & nettoyer mon plaid ?<\/span>\n\t\t\t\t\t\t\t  \n\t\t\t\t\t\t\t  \n\t\t\t\t\t\t\t  <\/a>\n\n\t\t\t\t\t\t  <\/div>\n\t\t\t\t\t\t  <div class=\"relatedthumb \" style=\"width:248px;float:left;overflow:hidden;\">  \n\t\t\t\t\t\t\t  \n\t\t\t\t\t\t\t  <a  href=\"https:\/\/www.plaidissimo.fr\/blog\/decouvrez-la-maroquinerie-en-voile-de-bateau-recyclee\/\"  >\n\t\t\t\t\t\t\t\t\t  <div class=\"yuzo-img-wrap \" style=\"width: 248px;height:213px;\">\n\t\t\t\t\t\t\t\t\t\t\n\t\t\t\t\t\t\t\t\t\t<div class=\"yuzo-img\" style=\"background:url('https:\/\/www.plaidissimo.fr\/blog\/wp-content\/uploads\/2021\/11\/sail-power-3-1506656-141x212.jpg') 50% 50% no-repeat;width: 248px;height:213px;margin-bottom: 5px;background-size: cover; \"><\/div>\n\t\t\t\t\t\t\t\t\t  <\/div>\n\t\t\t\t\t\t\t\t\t  \n\t\t\t\t\t\t\t\t   <span class=\"yuzo__text--title\" style=\"font-size:16px;\">D\u00e9couvrez la maroquinerie en voile de bateau recycl\u00e9e !?!<\/span>\n\t\t\t\t\t\t\t  \n\t\t\t\t\t\t\t  \n\t\t\t\t\t\t\t  <\/a>\n\n\t\t\t\t\t\t  <\/div>\n<\/div> <style>\n\t\t\t\t\t\t\t\t.yuzo_related_post img{width:243px !important; height:233px !important;}\n\t\t\t\t\t\t\t\t.yuzo_related_post .relatedthumb{line-height:18px;background: !important;color:!important;}\n\t\t\t\t\t\t\t\t.yuzo_related_post .relatedthumb:hover{background: !important;;color:!important;}\n\t\t\t\t\t\t\t\t.yuzo_related_post .relatedthumb a{color:!important;}\n\t\t\t\t\t\t\t\t.yuzo_related_post .relatedthumb a:hover{ color:}!important;}\n\t\t\t\t\t\t\t\t.yuzo_related_post .relatedthumb:hover a{ color:!important;}\n\t\t\t\t\t\t\t\t.yuzo_related_post .yuzo_text {color:!important;}\n\t\t\t\t\t\t\t\t.yuzo_related_post .relatedthumb:hover .yuzo_text {color:!important;}\n\t\t\t\t\t\t\t\t.yuzo_related_post .relatedthumb{  margin: 0px  0px  0px  0px;   padding: 0px  20px  0px  0px;  }\n\t\t\t\t\t\t\t\t\n\t\t\t\t\t\t\t\t<\/style> <script>\n\t\t\t\t\t\t  jQuery(document).ready(function( $ ){\n\t\t\t\t\t\t\t\/\/jQuery('.yuzo_related_post').equalizer({ overflow : 'relatedthumb' });\n\t\t\t\t\t\t\tjQuery('.yuzo_related_post .yuzo_wraps').equalizer({ columns : '> div' });\n\t\t\t\t\t\t   })\n\t\t\t\t\t\t  <\/script> <!-- End Yuzo :) -->","protected":false},"excerpt":{"rendered":"<p>La laine alpaga est tr\u00e8s appr\u00e9ci\u00e9 dans le monde entier et s\u2019impose comme une nouvelle tendance. La laine alpaga combine les propri\u00e9t\u00e9 curatives de la laine de chameaux tout en \u00e9tant une laine beaucoup plus l\u00e9g\u00e8re, moelleuse et soyeuse. Les fibres d\u2019alpaga sont plus droites que la laine de chameau ou de mouton, elles sont brillantes et &#8230;<\/p>\n","protected":false},"author":2,"featured_media":436,"comment_status":"open","ping_status":"open","sticky":false,"template":"","format":"standard","meta":{"_monsterinsights_skip_tracking":false,"_monsterinsights_sitenote_active":false,"_monsterinsights_sitenote_note":"","_monsterinsights_sitenote_category":0,"footnotes":""},"categories":[4,1],"tags":[],"class_list":["post-149","post","type-post","status-publish","format-standard","has-post-thumbnail","hentry","category-home","category-plaids"],"yoast_head":"<!-- This site is optimized with the Yoast SEO plugin v24.9 - https:\/\/yoast.com\/wordpress\/plugins\/seo\/ -->\n<title>Laine d&#039;Alpaga - Nouvelle Tendance Must Have pour votre Plaid<\/title>\n<meta name=\"description\" content=\"La Laine d&#039;Alpaga est une mati\u00e8re de Grande Qualit\u00e9 \u00b7 Cousine de la Laine M\u00e9rinos et du Cachemire ses propri\u00e9t\u00e9s son Remarquables \u00b7 D\u00e9couvrez ses Secrets.\" \/>\n<meta name=\"robots\" content=\"index, follow, max-snippet:-1, max-image-preview:large, max-video-preview:-1\" \/>\n<link rel=\"canonical\" href=\"https:\/\/www.plaidissimo.fr\/blog\/laine-alpaga-nouvelle-tendance\/\" \/>\n<meta property=\"og:locale\" content=\"fr_FR\" \/>\n<meta property=\"og:type\" content=\"article\" \/>\n<meta property=\"og:title\" content=\"Laine d&#039;Alpaga - Nouvelle Tendance Must Have pour votre Plaid\" \/>\n<meta property=\"og:description\" content=\"La Laine d&#039;Alpaga est une mati\u00e8re de Grande Qualit\u00e9 \u00b7 Cousine de la Laine M\u00e9rinos et du Cachemire ses propri\u00e9t\u00e9s son Remarquables \u00b7 D\u00e9couvrez ses Secrets.\" \/>\n<meta property=\"og:url\" content=\"https:\/\/www.plaidissimo.fr\/blog\/laine-alpaga-nouvelle-tendance\/\" \/>\n<meta property=\"og:site_name\" content=\"Plaidissimo\" \/>\n<meta property=\"article:published_time\" content=\"2016-08-29T11:00:34+00:00\" \/>\n<meta property=\"article:modified_time\" content=\"2026-05-01T15:33:22+00:00\" \/>\n<meta property=\"og:image\" content=\"https:\/\/www.plaidissimo.fr\/blog\/wp-content\/uploads\/2018\/11\/elevage-alpaga-source.jpg\" \/>\n\t<meta property=\"og:image:width\" content=\"838\" \/>\n\t<meta property=\"og:image:height\" content=\"500\" \/>\n\t<meta property=\"og:image:type\" content=\"image\/jpeg\" \/>\n<meta name=\"author\" content=\"shfstgl65rgdfluzhrv\" \/>\n<meta name=\"twitter:card\" content=\"summary_large_image\" \/>\n<meta name=\"twitter:label1\" content=\"\u00c9crit par\" \/>\n\t<meta name=\"twitter:data1\" content=\"shfstgl65rgdfluzhrv\" \/>\n\t<meta name=\"twitter:label2\" content=\"Dur\u00e9e de lecture estim\u00e9e\" \/>\n\t<meta name=\"twitter:data2\" content=\"11 minutes\" \/>\n<script type=\"application\/ld+json\" class=\"yoast-schema-graph\">{\"@context\":\"https:\/\/schema.org\",\"@graph\":[{\"@type\":\"WebPage\",\"@id\":\"https:\/\/www.plaidissimo.fr\/blog\/laine-alpaga-nouvelle-tendance\/\",\"url\":\"https:\/\/www.plaidissimo.fr\/blog\/laine-alpaga-nouvelle-tendance\/\",\"name\":\"Laine d'Alpaga - Nouvelle Tendance Must Have pour votre Plaid\",\"isPartOf\":{\"@id\":\"https:\/\/www.plaidissimo.fr\/blog\/#website\"},\"primaryImageOfPage\":{\"@id\":\"https:\/\/www.plaidissimo.fr\/blog\/laine-alpaga-nouvelle-tendance\/#primaryimage\"},\"image\":{\"@id\":\"https:\/\/www.plaidissimo.fr\/blog\/laine-alpaga-nouvelle-tendance\/#primaryimage\"},\"thumbnailUrl\":\"https:\/\/www.plaidissimo.fr\/blog\/wp-content\/uploads\/2018\/11\/elevage-alpaga-source.jpg\",\"datePublished\":\"2016-08-29T11:00:34+00:00\",\"dateModified\":\"2026-05-01T15:33:22+00:00\",\"author\":{\"@id\":\"https:\/\/www.plaidissimo.fr\/blog\/#\/schema\/person\/d16baedd5a3eebeb8ff793e51fa49aa7\"},\"description\":\"La Laine d'Alpaga est une mati\u00e8re de Grande Qualit\u00e9 \u00b7 Cousine de la Laine M\u00e9rinos et du Cachemire ses propri\u00e9t\u00e9s son Remarquables \u00b7 D\u00e9couvrez ses Secrets.\",\"inLanguage\":\"fr-FR\",\"potentialAction\":[{\"@type\":\"ReadAction\",\"target\":[\"https:\/\/www.plaidissimo.fr\/blog\/laine-alpaga-nouvelle-tendance\/\"]}]},{\"@type\":\"ImageObject\",\"inLanguage\":\"fr-FR\",\"@id\":\"https:\/\/www.plaidissimo.fr\/blog\/laine-alpaga-nouvelle-tendance\/#primaryimage\",\"url\":\"https:\/\/www.plaidissimo.fr\/blog\/wp-content\/uploads\/2018\/11\/elevage-alpaga-source.jpg\",\"contentUrl\":\"https:\/\/www.plaidissimo.fr\/blog\/wp-content\/uploads\/2018\/11\/elevage-alpaga-source.jpg\",\"width\":838,\"height\":500,\"caption\":\"Laine d'Alpaga provenant d'Alpagas\"},{\"@type\":\"WebSite\",\"@id\":\"https:\/\/www.plaidissimo.fr\/blog\/#website\",\"url\":\"https:\/\/www.plaidissimo.fr\/blog\/\",\"name\":\"Plaidissimo\",\"description\":\"Partager la passion des plaids\",\"potentialAction\":[{\"@type\":\"SearchAction\",\"target\":{\"@type\":\"EntryPoint\",\"urlTemplate\":\"https:\/\/www.plaidissimo.fr\/blog\/?s={search_term_string}\"},\"query-input\":{\"@type\":\"PropertyValueSpecification\",\"valueRequired\":true,\"valueName\":\"search_term_string\"}}],\"inLanguage\":\"fr-FR\"},{\"@type\":\"Person\",\"@id\":\"https:\/\/www.plaidissimo.fr\/blog\/#\/schema\/person\/d16baedd5a3eebeb8ff793e51fa49aa7\",\"name\":\"shfstgl65rgdfluzhrv\"}]}<\/script>\n<!-- \/ Yoast SEO plugin. -->","yoast_head_json":{"title":"Laine d'Alpaga - Nouvelle Tendance Must Have pour votre Plaid","description":"La Laine d'Alpaga est une mati\u00e8re de Grande Qualit\u00e9 \u00b7 Cousine de la Laine M\u00e9rinos et du Cachemire ses propri\u00e9t\u00e9s son Remarquables \u00b7 D\u00e9couvrez ses Secrets.","robots":{"index":"index","follow":"follow","max-snippet":"max-snippet:-1","max-image-preview":"max-image-preview:large","max-video-preview":"max-video-preview:-1"},"canonical":"https:\/\/www.plaidissimo.fr\/blog\/laine-alpaga-nouvelle-tendance\/","og_locale":"fr_FR","og_type":"article","og_title":"Laine d'Alpaga - Nouvelle Tendance Must Have pour votre Plaid","og_description":"La Laine d'Alpaga est une mati\u00e8re de Grande Qualit\u00e9 \u00b7 Cousine de la Laine M\u00e9rinos et du Cachemire ses propri\u00e9t\u00e9s son Remarquables \u00b7 D\u00e9couvrez ses Secrets.","og_url":"https:\/\/www.plaidissimo.fr\/blog\/laine-alpaga-nouvelle-tendance\/","og_site_name":"Plaidissimo","article_published_time":"2016-08-29T11:00:34+00:00","article_modified_time":"2026-05-01T15:33:22+00:00","og_image":[{"width":838,"height":500,"url":"https:\/\/www.plaidissimo.fr\/blog\/wp-content\/uploads\/2018\/11\/elevage-alpaga-source.jpg","type":"image\/jpeg"}],"author":"shfstgl65rgdfluzhrv","twitter_card":"summary_large_image","twitter_misc":{"\u00c9crit par":"shfstgl65rgdfluzhrv","Dur\u00e9e de lecture estim\u00e9e":"11 minutes"},"schema":{"@context":"https:\/\/schema.org","@graph":[{"@type":"WebPage","@id":"https:\/\/www.plaidissimo.fr\/blog\/laine-alpaga-nouvelle-tendance\/","url":"https:\/\/www.plaidissimo.fr\/blog\/laine-alpaga-nouvelle-tendance\/","name":"Laine d'Alpaga - Nouvelle Tendance Must Have pour votre Plaid","isPartOf":{"@id":"https:\/\/www.plaidissimo.fr\/blog\/#website"},"primaryImageOfPage":{"@id":"https:\/\/www.plaidissimo.fr\/blog\/laine-alpaga-nouvelle-tendance\/#primaryimage"},"image":{"@id":"https:\/\/www.plaidissimo.fr\/blog\/laine-alpaga-nouvelle-tendance\/#primaryimage"},"thumbnailUrl":"https:\/\/www.plaidissimo.fr\/blog\/wp-content\/uploads\/2018\/11\/elevage-alpaga-source.jpg","datePublished":"2016-08-29T11:00:34+00:00","dateModified":"2026-05-01T15:33:22+00:00","author":{"@id":"https:\/\/www.plaidissimo.fr\/blog\/#\/schema\/person\/d16baedd5a3eebeb8ff793e51fa49aa7"},"description":"La Laine d'Alpaga est une mati\u00e8re de Grande Qualit\u00e9 \u00b7 Cousine de la Laine M\u00e9rinos et du Cachemire ses propri\u00e9t\u00e9s son Remarquables \u00b7 D\u00e9couvrez ses Secrets.","inLanguage":"fr-FR","potentialAction":[{"@type":"ReadAction","target":["https:\/\/www.plaidissimo.fr\/blog\/laine-alpaga-nouvelle-tendance\/"]}]},{"@type":"ImageObject","inLanguage":"fr-FR","@id":"https:\/\/www.plaidissimo.fr\/blog\/laine-alpaga-nouvelle-tendance\/#primaryimage","url":"https:\/\/www.plaidissimo.fr\/blog\/wp-content\/uploads\/2018\/11\/elevage-alpaga-source.jpg","contentUrl":"https:\/\/www.plaidissimo.fr\/blog\/wp-content\/uploads\/2018\/11\/elevage-alpaga-source.jpg","width":838,"height":500,"caption":"Laine d'Alpaga provenant d'Alpagas"},{"@type":"WebSite","@id":"https:\/\/www.plaidissimo.fr\/blog\/#website","url":"https:\/\/www.plaidissimo.fr\/blog\/","name":"Plaidissimo","description":"Partager la passion des plaids","potentialAction":[{"@type":"SearchAction","target":{"@type":"EntryPoint","urlTemplate":"https:\/\/www.plaidissimo.fr\/blog\/?s={search_term_string}"},"query-input":{"@type":"PropertyValueSpecification","valueRequired":true,"valueName":"search_term_string"}}],"inLanguage":"fr-FR"},{"@type":"Person","@id":"https:\/\/www.plaidissimo.fr\/blog\/#\/schema\/person\/d16baedd5a3eebeb8ff793e51fa49aa7","name":"shfstgl65rgdfluzhrv"}]}},"featured_image_src":"https:\/\/www.plaidissimo.fr\/blog\/wp-content\/uploads\/2018\/11\/elevage-alpaga-source-600x400.jpg","featured_image_src_square":"https:\/\/www.plaidissimo.fr\/blog\/wp-content\/uploads\/2018\/11\/elevage-alpaga-source-600x500.jpg","author_info":{"display_name":"shfstgl65rgdfluzhrv","author_link":"https:\/\/www.plaidissimo.fr\/blog\/author\/nadezda\/"},"_links":{"self":[{"href":"https:\/\/www.plaidissimo.fr\/blog\/wp-json\/wp\/v2\/posts\/149","targetHints":{"allow":["GET"]}}],"collection":[{"href":"https:\/\/www.plaidissimo.fr\/blog\/wp-json\/wp\/v2\/posts"}],"about":[{"href":"https:\/\/www.plaidissimo.fr\/blog\/wp-json\/wp\/v2\/types\/post"}],"author":[{"embeddable":true,"href":"https:\/\/www.plaidissimo.fr\/blog\/wp-json\/wp\/v2\/users\/2"}],"replies":[{"embeddable":true,"href":"https:\/\/www.plaidissimo.fr\/blog\/wp-json\/wp\/v2\/comments?post=149"}],"version-history":[{"count":6,"href":"https:\/\/www.plaidissimo.fr\/blog\/wp-json\/wp\/v2\/posts\/149\/revisions"}],"predecessor-version":[{"id":853,"href":"https:\/\/www.plaidissimo.fr\/blog\/wp-json\/wp\/v2\/posts\/149\/revisions\/853"}],"wp:featuredmedia":[{"embeddable":true,"href":"https:\/\/www.plaidissimo.fr\/blog\/wp-json\/wp\/v2\/media\/436"}],"wp:attachment":[{"href":"https:\/\/www.plaidissimo.fr\/blog\/wp-json\/wp\/v2\/media?parent=149"}],"wp:term":[{"taxonomy":"category","embeddable":true,"href":"https:\/\/www.plaidissimo.fr\/blog\/wp-json\/wp\/v2\/categories?post=149"},{"taxonomy":"post_tag","embeddable":true,"href":"https:\/\/www.plaidissimo.fr\/blog\/wp-json\/wp\/v2\/tags?post=149"}],"curies":[{"name":"wp","href":"https:\/\/api.w.org\/{rel}","templated":true}]}}