{"id":141,"date":"2016-06-09T12:56:00","date_gmt":"2016-06-09T10:56:00","guid":{"rendered":"https:\/\/blog.plaidissimo.fr\/?p=141"},"modified":"2020-04-13T17:50:31","modified_gmt":"2020-04-13T15:50:31","slug":"choisir-un-plaid-pour-ete","status":"publish","type":"post","link":"https:\/\/www.plaidissimo.fr\/blog\/choisir-un-plaid-pour-ete\/","title":{"rendered":"Choisir un Plaid pour l\u2019\u00e9t\u00e9"},"content":{"rendered":"\n<div class=\"wp-block-cover has-background-dim\" style=\"background-image:url(https:\/\/www.plaidissimo.fr\/blog\/wp-content\/uploads\/2018\/11\/choisir-plaid-ete-plage-source.jpg)\"><div class=\"wp-block-cover__inner-container is-layout-flow wp-block-cover-is-layout-flow\">\n<p class=\"has-text-align-center has-large-font-size\">Envie de plage ?<br>Envie de pique-nique ?<\/p>\n<\/div><\/div>\n\n\n\n<p>L\u2019\u00e9t\u00e9 s\u2019annonce bien chaud ! Vous y \u00eates pr\u00e9par\u00e9s ? N\u2019oubliez pas d\u2019acheter un plaid pour l\u2019\u00e9t\u00e9.<\/p>\n\n\n\n<p>Vous ne r\u00eavez pas\u2026 Vous avez bien compris \u00ab plaid pour l\u2019\u00e9t\u00e9 \u00bb. Lorsque nous entendons le mot plaid, la premi\u00e8re image qui nous vient \u00e0 l\u2019esprit est une sc\u00e8ne en hiver, le soir, devant une chemin\u00e9e ou une t\u00e9l\u00e9, avec une boisson chaude et pour se r\u00e9chauffer, un plaid bien \u00e9pais et duveteux. N\u2019est-ce pas ?<\/p>\n\n\n\n<p>Bien \u00e9videment, en hiver le plaid est un accessoire indispensable \u00e0 la maison. Plus surprenant, le plaid peut \u00e9galement vous servir en \u00e9t\u00e9. Nous allons parcourir toutes les utilit\u00e9s d\u2019un plaid en \u00e9t\u00e9 et des caract\u00e9ristiques les plus utiles pour un plaid d\u2019\u00e9t\u00e9.<\/p>\n\n\n\n<blockquote class=\"wp-block-quote is-layout-flow wp-block-quote-is-layout-flow\"><p><em>Pourquoi acheter un plaid sp\u00e9cialement pour l\u2019\u00e9t\u00e9 ?<\/em><\/p><\/blockquote>\n\n\n\n<h2 class=\"wp-block-heading\">Un plaid pour les longues soir\u00e9es d\u2019\u00e9t\u00e9<\/h2>\n\n\n\n<p>Vous avez une terrasse ou un balcon, vous avez un jardin et vous aimez rester en ext\u00e9rieur pendant les soir\u00e9es d\u2019\u00e9t\u00e9 \u00e0 prendre un verre ou discuter et profiter entre amis. Un plaid fin et l\u00e9ger vous sera toujours utile \u00e0 port\u00e9e de main pour vous couvrir en cas de petit coup de vent ou d\u2019humidit\u00e9 dans l\u2019air. Un plaid d\u2019\u00e9t\u00e9 peut aussi \u00eatre un \u00e9l\u00e9ment de d\u00e9coration, une touche de couleur et d\u2019originalit\u00e9, car ils ont souvent une grande vari\u00e9t\u00e9 de couleurs, vous n\u2019aurez plus qu\u2019\u00e0 s\u00e9lectionner selon vos go\u00fbts.<\/p>\n\n\n\n<h2 class=\"wp-block-heading\">Un plaid pour la plage<\/h2>\n\n\n\n<p>Vous aimez les plages, vous y passez vos \u00e9t\u00e9s, avez vous d\u00e9j\u00e0 pens\u00e9 \u00e0 remplacer votre serviette de plage par un plaid de plage ? Il est g\u00e9n\u00e9ralement plus \u00e9pais et plus grand qu\u2019une serviette. Vous utilisez probablement une serviette pour vous allonger, lorsque vous aurez test\u00e9 un plaid de plage pour la premi\u00e8re fois, vous ne retournerez plus sur une serviette. Le plaid de plage vous est \u00e9galement utile pour improviser un espace repas sur le sable si vous l\u2019utilisez comme une nappe. Enfin le plaid de plage est pr\u00e9vu pour cette utilisation et est donc facile \u00e0 nettoyer et \u00e0 transporter.<\/p>\n\n\n\n<figure class=\"wp-block-image is-resized\"><img loading=\"lazy\" decoding=\"async\" src=\"https:\/\/www.plaidissimo.fr\/blog\/wp-content\/uploads\/2018\/11\/plaid-ete-ppique-nique-plage-source.jpg\" alt=\"Plaid d'\u00e9t\u00e9 pour Pique-Nique\" class=\"wp-image-405\" width=\"838\" height=\"500\" srcset=\"https:\/\/www.plaidissimo.fr\/blog\/wp-content\/uploads\/2018\/11\/plaid-ete-ppique-nique-plage-source.jpg 838w, https:\/\/www.plaidissimo.fr\/blog\/wp-content\/uploads\/2018\/11\/plaid-ete-ppique-nique-plage-source-248x148.jpg 248w, https:\/\/www.plaidissimo.fr\/blog\/wp-content\/uploads\/2018\/11\/plaid-ete-ppique-nique-plage-source-355x212.jpg 355w, https:\/\/www.plaidissimo.fr\/blog\/wp-content\/uploads\/2018\/11\/plaid-ete-ppique-nique-plage-source-768x458.jpg 768w, https:\/\/www.plaidissimo.fr\/blog\/wp-content\/uploads\/2018\/11\/plaid-ete-ppique-nique-plage-source-700x418.jpg 700w, https:\/\/www.plaidissimo.fr\/blog\/wp-content\/uploads\/2018\/11\/plaid-ete-ppique-nique-plage-source-599x357.jpg 599w, https:\/\/www.plaidissimo.fr\/blog\/wp-content\/uploads\/2018\/11\/plaid-ete-ppique-nique-plage-source-300x179.jpg 300w\" sizes=\"auto, (max-width: 767px) 89vw, (max-width: 1000px) 54vw, (max-width: 1071px) 543px, 580px\" \/><\/figure>\n\n\n\n<h2 class=\"wp-block-heading\">Un plaid pour le pique-nique d\u2019\u00e9t\u00e9<\/h2>\n\n\n\n<p>Vous \u00eates adepte du pique-nique en famille ou entre amis, le <a href=\"https:\/\/www.plaidissimo.fr\/fr\/ca65-plaid-d-exterieur\">plaid de pique-nique, \u00e9pais et imperm\u00e9able<\/a> et faciles \u00e0 transporter vous sera d\u2019une grande utilit\u00e9. Ce type de produit est issu des plus pures traditions anglaises. Ces plaids sont multifonctions, un plaid pendant les temps froids et une nappe pour s\u2019installer sur l\u2019herbe avec vos convives. Ces plaids sont tr\u00e8s pratiques \u00e0 transporter, ils sont accompagn\u00e9s d\u2019une sangle g\u00e9n\u00e9ralement en cuir qui les transforme en sac une fois pli\u00e9s, vous pouvez alors les porter \u00e0 l\u2019aide de la poign\u00e9e fournie. Ils sont \u00e9galement tr\u00e8s faciles \u00e0 nettoyer.<\/p>\n\n\n\n<div style=\"height:50px\" aria-hidden=\"true\" class=\"wp-block-spacer\"><\/div>\n\n\n\n<div class=\"wp-block-columns has-2-columns is-layout-flex wp-container-core-columns-is-layout-1 wp-block-columns-is-layout-flex\">\n<div class=\"wp-block-column is-layout-flow wp-block-column-is-layout-flow\">\n<h2 class=\"wp-block-heading\">Plaid de vacances d\u2019\u00e9t\u00e9<\/h2>\n\n\n\n<p>Vous partez en vacances, vous \u00eates loin de la maison, vous pouvez prendre un plaid avec vous. Le plaid vous sera utile, pour vous couvrir dans l\u2019avion, dans le train ou dans la voiture lorsque vous dormez, \u00e0 l\u2019h\u00f4tel, si vous n\u2019avez pas assez de couvertures votre plaid vous d\u00e9pannera, enfin, lorsqu\u2019un bus d\u2019excursion est trop climatis\u00e9 votre plaid vous r\u00e9chauffera et vous permettra de profiter pleinement de votre activit\u00e9.<\/p>\n<\/div>\n\n\n\n<div class=\"wp-block-column is-layout-flow wp-block-column-is-layout-flow\">\n<figure class=\"wp-block-image\"><img loading=\"lazy\" decoding=\"async\" width=\"420\" height=\"420\" src=\"https:\/\/www.plaidissimo.fr\/blog\/wp-content\/uploads\/2018\/11\/plaid-pique-nique-source.jpg\" alt=\"Plaid de Pique Nique\" class=\"wp-image-406\" srcset=\"https:\/\/www.plaidissimo.fr\/blog\/wp-content\/uploads\/2018\/11\/plaid-pique-nique-source.jpg 420w, https:\/\/www.plaidissimo.fr\/blog\/wp-content\/uploads\/2018\/11\/plaid-pique-nique-source-212x212.jpg 212w, https:\/\/www.plaidissimo.fr\/blog\/wp-content\/uploads\/2018\/11\/plaid-pique-nique-source-418x418.jpg 418w, https:\/\/www.plaidissimo.fr\/blog\/wp-content\/uploads\/2018\/11\/plaid-pique-nique-source-357x357.jpg 357w, https:\/\/www.plaidissimo.fr\/blog\/wp-content\/uploads\/2018\/11\/plaid-pique-nique-source-179x179.jpg 179w, https:\/\/www.plaidissimo.fr\/blog\/wp-content\/uploads\/2018\/11\/plaid-pique-nique-source-100x100.jpg 100w\" sizes=\"auto, (max-width: 420px) 100vw, 420px\" \/><\/figure>\n<\/div>\n<\/div>\n\n\n\n<h2 class=\"wp-block-heading\">Plaid de randonn\u00e9e<\/h2>\n\n\n\n<p>Un randonneur doit toujours avoir un plaid sur soi. Un plaid de laine m\u00e9rinos avec un m\u00e9lange de soie est une bonne alternative au traditionnel sac de couchage synth\u00e9tique. Ce plaid est tr\u00e8s l\u00e9ger et il a des tr\u00e8s bonnes caract\u00e9ristiques qui seront tr\u00e8s appr\u00e9ciables pendant les soir\u00e9es \u00e0 la montagne.<\/p>\n\n\n\n<blockquote class=\"wp-block-quote is-layout-flow wp-block-quote-is-layout-flow\"><p><em>Quelle mati\u00e8re est plus adapt\u00e9e pour un plaid d\u2019\u00e9t\u00e9?<\/em><\/p><\/blockquote>\n\n\n\n<h2 class=\"wp-block-heading\">Plaid cotonnier pour&nbsp;\u00e9t\u00e9<\/h2>\n\n\n\n<p>Il est une \u00e9vidence que le coton est une mati\u00e8re tr\u00e8s l\u00e9g\u00e8re et fine. Un plaid en coton est adapt\u00e9 pour les activit\u00e9s en plein air, ainsi que pour vos siestes. Vous pouvez l\u2019emporter partout avec vous, \u00e0 la plage, au cours d\u2019un pique-nique, lors de vos soir\u00e9es sur la terrasse entre amis ou en famille. L\u2019entretien d\u2019un plaid cotonnier n\u2019est pas compliqu\u00e9, il se lave dans une machine \u00e0 laver. Le coton est facile \u00e0 colorer, lors de votre achat, vous disposez donc d\u2019un large choix de couleur dont probablement votre pr\u00e9f\u00e9r\u00e9e, il y en a pour tous les go\u00fbts. Les plaids en coton peuvent \u00e9galement \u00eatre trouv\u00e9s sous l\u2019appellation \u00ab Plaids de plage \u00bb, car les usages de ce type de plaids sont aussi bien la nature que la d\u00e9coration d\u2019int\u00e9rieur.<\/p>\n\n\n\n<h2 class=\"wp-block-heading\">Plaid en bambou pour l\u2019\u00e9t\u00e9<\/h2>\n\n\n\n<p>Les plaids en bambou ont les m\u00eames popularit\u00e9s que des plaids en coton, Une caract\u00e9ristique de leurs mati\u00e8res respectives les diff\u00e9rencie. Le plaid en bambou peut vous servir quand il fait frais, ainsi que lorsqu\u2019il fait chaud, en effet, le plaid en bambou est connu pour ses caract\u00e9ristiques hypothermiques. Le bambou est tr\u00e8s \u00e9cologique, pas de risque d\u2019allergie. Cette mati\u00e8re ne retient pas des odeurs, s\u2019utilise longtemps, est douce au touch\u00e9. Le nettoyage est tr\u00e8s facile vous pouvez laver \u00e0 30\u00b0C \u00e0 la machine.<\/p>\n\n\n\n<h2 class=\"wp-block-heading\">Plaid en soie pour l\u2019\u00e9t\u00e9<\/h2>\n\n\n\n<p>Nous pouvons \u00e9galement utiliser les plaids en soie en \u00e9t\u00e9. La soie est une mati\u00e8re intemporelle. Les plaids en soie sont propos\u00e9s en deux types de tissages, lisses comme nous avons l\u2019habitude les voir, ainsi que duveteux qui rappelle les petits poiles de chat. Les plaids en soie sont tr\u00e8s l\u00e9gers. Ils sont agr\u00e9ables au toucher, votre peau respire en \u00e9t\u00e9. Le plaid en soie donnera une touche d\u2019\u00e9l\u00e9gance dans votre chambre ou dans votre salon. La l\u00e9g\u00e8ret\u00e9 de la soie est une nuance de chique dans votre d\u00e9coration.<\/p>\n\n\n\n<h2 class=\"wp-block-heading\">Plaid en lin pour l\u2019\u00e9t\u00e9<\/h2>\n\n\n\n<p>Le plaid en lin est une solution pratique et naturelle. Le plaid en lin absorbe bien l\u2019humidit\u00e9, n\u2019est pas allerg\u00e9nique<\/p>\n\n\n\n<p>Ces plaids sont doux au toucher, respirants. Les plaids en lin donnent une sensation de confort comme tous les textiles en lin. Leur nettoyage est tr\u00e8s facile, un lavage \u00e0 la machine ferra tout \u00e0 fait l\u2019affaire.<\/p>\n\n\n\n<div style=\"height:50px\" aria-hidden=\"true\" class=\"wp-block-spacer\"><\/div>\n\n\n\n<div class=\"wp-block-columns has-2-columns is-layout-flex wp-container-core-columns-is-layout-2 wp-block-columns-is-layout-flex\">\n<div class=\"wp-block-column is-layout-flow wp-block-column-is-layout-flow\">\n<h2 class=\"wp-block-heading\">Quelle sont tendances de couleur de plaid pour cet \u00e9t\u00e9?<\/h2>\n\n\n\n<p>Il n\u2019y \u00e0 as de r\u00e8gles pour la couleur! Vous pouvez choisir la couleur que vous aimez le plus. Bien \u00e9videment la couleur de votre plaid d\u00e9pend de l\u2019utilisation auquel vous le destinez. Les couleurs les plus vives sont autant adapt\u00e9es pour la plage, que pour votre randonn\u00e9e. Pour un voyage vous pouvez privil\u00e9gier des couleurs plus sombres car il est probable que votre plaid soit lav\u00e9 de fa\u00e7on plus occasionnelle. Les plaids bicolores avec un couleur par face vous donnent la possibilit\u00e9 d\u2019avoir le choix d\u2019une couleur vive et une plus sombre, une alternative int\u00e9ressante !<\/p>\n<\/div>\n\n\n\n<div class=\"wp-block-column is-layout-flow wp-block-column-is-layout-flow\">\n<figure class=\"wp-block-image is-resized\"><img loading=\"lazy\" decoding=\"async\" src=\"https:\/\/www.plaidissimo.fr\/blog\/wp-content\/uploads\/2018\/11\/plaid-ete-deco-source.jpeg\" alt=\"Plaid d'\u00e9t\u00e9 pour la d\u00e9coration\" class=\"wp-image-404\" width=\"420\" height=\"556\" srcset=\"https:\/\/www.plaidissimo.fr\/blog\/wp-content\/uploads\/2018\/11\/plaid-ete-deco-source.jpeg 420w, https:\/\/www.plaidissimo.fr\/blog\/wp-content\/uploads\/2018\/11\/plaid-ete-deco-source-160x212.jpeg 160w, https:\/\/www.plaidissimo.fr\/blog\/wp-content\/uploads\/2018\/11\/plaid-ete-deco-source-378x500.jpeg 378w, https:\/\/www.plaidissimo.fr\/blog\/wp-content\/uploads\/2018\/11\/plaid-ete-deco-source-316x418.jpeg 316w, https:\/\/www.plaidissimo.fr\/blog\/wp-content\/uploads\/2018\/11\/plaid-ete-deco-source-270x357.jpeg 270w, https:\/\/www.plaidissimo.fr\/blog\/wp-content\/uploads\/2018\/11\/plaid-ete-deco-source-135x179.jpeg 135w\" sizes=\"auto, (max-width: 420px) 100vw, 420px\" \/><\/figure>\n<\/div>\n<\/div>\n\n\n\n<h2 class=\"wp-block-heading\">Qui produit des plaid pour l\u2019\u00e9t\u00e9?<\/h2>\n\n\n\n<p>Nous pouvons trouver des nombreuses marques de plaids originaux, beaux et en m\u00eame temps de haute qualit\u00e9 pour l\u2019\u00e9t\u00e9. Ils offrent souvent de nombreux mod\u00e8les et de grandes vari\u00e9t\u00e9s de couleurs. Au moment de votre choix avant l\u2019achat de votre plaid d\u2019\u00e9t\u00e9 prenez note des commentaires sur le produit, ils peuvent vous donner des indications sur l\u2019utilisation des produits et vous apporter des garantie de consommateurs dans votre choix. En plus de retours positive, il est important de connaitre le pays de fabrication, ainsi que les caract\u00e9ristique de la mati\u00e8re.<\/p>\n\n\n\n<div style=\"background-color:#f2f2f2;color:#32373c\" class=\"wp-block-atomic-blocks-ab-profile-box square ab-has-avatar ab-font-size-18 ab-block-profile ab-profile-columns\"><div class=\"ab-profile-column ab-profile-avatar-wrap\"><div class=\"ab-profile-image-wrap\"><figure class=\"ab-profile-image-square\"><img loading=\"lazy\" decoding=\"async\" width=\"250\" height=\"333\" class=\"ab-profile-avatar wp-image-292\" src=\"https:\/\/www.plaidissimo.fr\/blog\/wp-content\/uploads\/2018\/11\/Nadezda.jpeg\" alt=\"\" srcset=\"https:\/\/www.plaidissimo.fr\/blog\/wp-content\/uploads\/2018\/11\/Nadezda.jpeg 250w, https:\/\/www.plaidissimo.fr\/blog\/wp-content\/uploads\/2018\/11\/Nadezda-159x212.jpeg 159w, https:\/\/www.plaidissimo.fr\/blog\/wp-content\/uploads\/2018\/11\/Nadezda-134x179.jpeg 134w\" sizes=\"auto, (max-width: 250px) 100vw, 250px\" \/><\/figure><\/div><\/div><div class=\"ab-profile-column ab-profile-content-wrap\"><h2 class=\"ab-profile-name\" style=\"color:#32373c\"><br data-mce-bogus=\"1\"\/><\/h2><p class=\"ab-profile-title\" style=\"color:#32373c\"><br data-mce-bogus=\"1\"\/><\/p><div class=\"ab-profile-text\"><p>Originaire d\u2019un pays bien connu pour la rudesse de ses hivers, les plaids font partie de ma vie depuis toujours. Utilis\u00e9s avant tout pour se r\u00e9chauffer et se cocooner, les plaids sont aujourd\u2019hui utilis\u00e9s de bien d\u2019autres fa\u00e7ons, notamment comme accessoire de d\u00e9coration. Je souhaite \u00e0 pr\u00e9sent partager ma passion pour les plaids, pouvoir partager mes connaissances et vous \u00e9clairer afin de vous permettre de conna\u00eetre les plaids dans leurs moindre d\u00e9tails. Au fil de ce blog, vous allez d\u00e9couvrir de nombreuses informations, avant tout pratiques, portant sur les types de plaids, les mati\u00e8res et des informations pour un usage optimal au quotidien, mais \u00e9galement, des informations historiques, d\u2019actualit\u00e9s, et des avis d\u2019experts et bien plus encore. Bonne lecture&#8230;<\/p><\/div><ul class=\"ab-social-links\"><\/ul><\/div><\/div>\n<!-- Begin Yuzo --><div class='yuzo_related_post style-1'  data-version='5.12.84'><!-- without result --><div class='yuzo_clearfixed yuzo__title yuzo__title'><h3>Poursuivez votre lecture<\/h3><\/div>\n\t\t\t\t\t\t  <div class=\"relatedthumb \" style=\"width:248px;float:left;overflow:hidden;\">  \n\t\t\t\t\t\t\t  \n\t\t\t\t\t\t\t  <a  href=\"https:\/\/www.plaidissimo.fr\/blog\/qu-est-ce-qu-un-plaid\/\"  >\n\t\t\t\t\t\t\t\t\t  <div class=\"yuzo-img-wrap \" style=\"width: 248px;height:213px;\">\n\t\t\t\t\t\t\t\t\t\t\n\t\t\t\t\t\t\t\t\t\t<div class=\"yuzo-img\" style=\"background:url('https:\/\/www.plaidissimo.fr\/blog\/wp-content\/uploads\/2018\/11\/qu-est-ce-qu-un-plaid-source-355x212.jpg') 50% 50% no-repeat;width: 248px;height:213px;margin-bottom: 5px;background-size: cover; \"><\/div>\n\t\t\t\t\t\t\t\t\t  <\/div>\n\t\t\t\t\t\t\t\t\t  \n\t\t\t\t\t\t\t\t   <span class=\"yuzo__text--title\" style=\"font-size:16px;\">Qu\u2019est-ce qu\u2019un Plaid ?<\/span>\n\t\t\t\t\t\t\t  \n\t\t\t\t\t\t\t  \n\t\t\t\t\t\t\t  <\/a>\n\n\t\t\t\t\t\t  <\/div>\n\t\t\t\t\t\t  <div class=\"relatedthumb \" style=\"width:248px;float:left;overflow:hidden;\">  \n\t\t\t\t\t\t\t  \n\t\t\t\t\t\t\t  <a  href=\"https:\/\/www.plaidissimo.fr\/blog\/9-endroits-inattendus-ou-utiliser-un-plaid\/\"  >\n\t\t\t\t\t\t\t\t\t  <div class=\"yuzo-img-wrap \" style=\"width: 248px;height:213px;\">\n\t\t\t\t\t\t\t\t\t\t\n\t\t\t\t\t\t\t\t\t\t<div class=\"yuzo-img\" style=\"background:url('https:\/\/www.plaidissimo.fr\/blog\/wp-content\/uploads\/2025\/01\/plaid-elegant-bleu-ambiance-utilisable-partout-281x212.png') 50% 50% no-repeat;width: 248px;height:213px;margin-bottom: 5px;background-size: cover; \"><\/div>\n\t\t\t\t\t\t\t\t\t  <\/div>\n\t\t\t\t\t\t\t\t\t  \n\t\t\t\t\t\t\t\t   <span class=\"yuzo__text--title\" style=\"font-size:16px;\">9 endroits inattendus o\u00f9 utiliser un plaid<\/span>\n\t\t\t\t\t\t\t  \n\t\t\t\t\t\t\t  \n\t\t\t\t\t\t\t  <\/a>\n\n\t\t\t\t\t\t  <\/div>\n\t\t\t\t\t\t  <div class=\"relatedthumb \" style=\"width:248px;float:left;overflow:hidden;\">  \n\t\t\t\t\t\t\t  \n\t\t\t\t\t\t\t  <a  href=\"https:\/\/www.plaidissimo.fr\/blog\/ohhio-marque-plaids-en-tricot-geant\/\"  >\n\t\t\t\t\t\t\t\t\t  <div class=\"yuzo-img-wrap \" style=\"width: 248px;height:213px;\">\n\t\t\t\t\t\t\t\t\t\t\n\t\t\t\t\t\t\t\t\t\t<div class=\"yuzo-img\" style=\"background:url('https:\/\/www.plaidissimo.fr\/blog\/wp-content\/uploads\/2018\/11\/ohhio-plaid-grosses-mailles-source-355x212.jpg') 50% 50% no-repeat;width: 248px;height:213px;margin-bottom: 5px;background-size: cover; \"><\/div>\n\t\t\t\t\t\t\t\t\t  <\/div>\n\t\t\t\t\t\t\t\t\t  \n\t\t\t\t\t\t\t\t   <span class=\"yuzo__text--title\" style=\"font-size:16px;\">Ohhio \u2013 Marque de plaids en tricot g\u00e9ant<\/span>\n\t\t\t\t\t\t\t  \n\t\t\t\t\t\t\t  \n\t\t\t\t\t\t\t  <\/a>\n\n\t\t\t\t\t\t  <\/div>\n<\/div> <style>\n\t\t\t\t\t\t\t\t.yuzo_related_post img{width:243px !important; height:233px !important;}\n\t\t\t\t\t\t\t\t.yuzo_related_post .relatedthumb{line-height:18px;background: !important;color:!important;}\n\t\t\t\t\t\t\t\t.yuzo_related_post .relatedthumb:hover{background: !important;;color:!important;}\n\t\t\t\t\t\t\t\t.yuzo_related_post .relatedthumb a{color:!important;}\n\t\t\t\t\t\t\t\t.yuzo_related_post .relatedthumb a:hover{ color:}!important;}\n\t\t\t\t\t\t\t\t.yuzo_related_post .relatedthumb:hover a{ color:!important;}\n\t\t\t\t\t\t\t\t.yuzo_related_post .yuzo_text {color:!important;}\n\t\t\t\t\t\t\t\t.yuzo_related_post .relatedthumb:hover .yuzo_text {color:!important;}\n\t\t\t\t\t\t\t\t.yuzo_related_post .relatedthumb{  margin: 0px  0px  0px  0px;   padding: 0px  20px  0px  0px;  }\n\t\t\t\t\t\t\t\t\n\t\t\t\t\t\t\t\t<\/style> <script>\n\t\t\t\t\t\t  jQuery(document).ready(function( $ ){\n\t\t\t\t\t\t\t\/\/jQuery('.yuzo_related_post').equalizer({ overflow : 'relatedthumb' });\n\t\t\t\t\t\t\tjQuery('.yuzo_related_post .yuzo_wraps').equalizer({ columns : '> div' });\n\t\t\t\t\t\t   })\n\t\t\t\t\t\t  <\/script> <!-- End Yuzo :) -->","protected":false},"excerpt":{"rendered":"<p>L\u2019\u00e9t\u00e9 s\u2019annonce bien chaud ! Vous y \u00eates pr\u00e9par\u00e9s ? N\u2019oubliez pas d\u2019acheter un plaid pour l\u2019\u00e9t\u00e9. Vous ne r\u00eavez pas\u2026 Vous avez bien compris \u00ab plaid pour l\u2019\u00e9t\u00e9 \u00bb. Lorsque nous entendons le mot plaid, la premi\u00e8re image qui nous vient \u00e0 l\u2019esprit est une sc\u00e8ne en hiver, le soir, devant une chemin\u00e9e ou &hellip; <\/p>\n<p class=\"link-more\"><a href=\"https:\/\/www.plaidissimo.fr\/blog\/choisir-un-plaid-pour-ete\/\" class=\"more-link\">Continuer la lecture<span class=\"screen-reader-text\"> de &laquo;&nbsp;Choisir un Plaid pour l\u2019\u00e9t\u00e9&nbsp;&raquo;<\/span><\/a><\/p>\n","protected":false},"author":2,"featured_media":403,"comment_status":"open","ping_status":"open","sticky":false,"template":"","format":"standard","meta":{"_monsterinsights_skip_tracking":false,"_monsterinsights_sitenote_active":false,"_monsterinsights_sitenote_note":"","_monsterinsights_sitenote_category":0,"footnotes":""},"categories":[1],"tags":[],"class_list":["post-141","post","type-post","status-publish","format-standard","has-post-thumbnail","hentry","category-plaids"],"yoast_head":"<!-- This site is optimized with the Yoast SEO plugin v24.9 - https:\/\/yoast.com\/wordpress\/plugins\/seo\/ -->\n<title>Choisir un Plaid d&#039;\u00e9t\u00e9 \u00b7 Pour la Plage \u00b7 Pour un Pic-Nic \u00b7 Plaidissimo<\/title>\n<meta name=\"description\" content=\"Comment bien choisir votre plaid d&#039;\u00e9t\u00e9 ? Envie d&#039;un plaid pour vous accompagner sur la plage ? Envie d&#039;un plaid de Pic-Nic ? D\u00e9couvrez le guide de Plaidissimo\" \/>\n<meta name=\"robots\" content=\"index, follow, max-snippet:-1, max-image-preview:large, max-video-preview:-1\" \/>\n<link rel=\"canonical\" href=\"https:\/\/www.plaidissimo.fr\/blog\/choisir-un-plaid-pour-ete\/\" \/>\n<meta property=\"og:locale\" content=\"fr_FR\" \/>\n<meta property=\"og:type\" content=\"article\" \/>\n<meta property=\"og:title\" content=\"Choisir un Plaid d&#039;\u00e9t\u00e9 \u00b7 Pour la Plage \u00b7 Pour un Pic-Nic \u00b7 Plaidissimo\" \/>\n<meta property=\"og:description\" content=\"Comment bien choisir votre plaid d&#039;\u00e9t\u00e9 ? Envie d&#039;un plaid pour vous accompagner sur la plage ? Envie d&#039;un plaid de Pic-Nic ? D\u00e9couvrez le guide de Plaidissimo\" \/>\n<meta property=\"og:url\" content=\"https:\/\/www.plaidissimo.fr\/blog\/choisir-un-plaid-pour-ete\/\" \/>\n<meta property=\"og:site_name\" content=\"Plaidissimo\" \/>\n<meta property=\"article:published_time\" content=\"2016-06-09T10:56:00+00:00\" \/>\n<meta property=\"article:modified_time\" content=\"2020-04-13T15:50:31+00:00\" \/>\n<meta property=\"og:image\" content=\"https:\/\/www.plaidissimo.fr\/blog\/wp-content\/uploads\/2018\/11\/choisir-plaid-ete-plage-source.jpg\" \/>\n\t<meta property=\"og:image:width\" content=\"838\" \/>\n\t<meta property=\"og:image:height\" content=\"500\" \/>\n\t<meta property=\"og:image:type\" content=\"image\/jpeg\" \/>\n<meta name=\"author\" content=\"shfstgl65rgdfluzhrv\" \/>\n<meta name=\"twitter:card\" content=\"summary_large_image\" \/>\n<meta name=\"twitter:label1\" content=\"\u00c9crit par\" \/>\n\t<meta name=\"twitter:data1\" content=\"shfstgl65rgdfluzhrv\" \/>\n\t<meta name=\"twitter:label2\" content=\"Dur\u00e9e de lecture estim\u00e9e\" \/>\n\t<meta name=\"twitter:data2\" content=\"6 minutes\" \/>\n<script type=\"application\/ld+json\" class=\"yoast-schema-graph\">{\"@context\":\"https:\/\/schema.org\",\"@graph\":[{\"@type\":\"WebPage\",\"@id\":\"https:\/\/www.plaidissimo.fr\/blog\/choisir-un-plaid-pour-ete\/\",\"url\":\"https:\/\/www.plaidissimo.fr\/blog\/choisir-un-plaid-pour-ete\/\",\"name\":\"Choisir un Plaid d'\u00e9t\u00e9 \u00b7 Pour la Plage \u00b7 Pour un Pic-Nic \u00b7 Plaidissimo\",\"isPartOf\":{\"@id\":\"https:\/\/www.plaidissimo.fr\/blog\/#website\"},\"primaryImageOfPage\":{\"@id\":\"https:\/\/www.plaidissimo.fr\/blog\/choisir-un-plaid-pour-ete\/#primaryimage\"},\"image\":{\"@id\":\"https:\/\/www.plaidissimo.fr\/blog\/choisir-un-plaid-pour-ete\/#primaryimage\"},\"thumbnailUrl\":\"https:\/\/www.plaidissimo.fr\/blog\/wp-content\/uploads\/2018\/11\/choisir-plaid-ete-plage-source.jpg\",\"datePublished\":\"2016-06-09T10:56:00+00:00\",\"dateModified\":\"2020-04-13T15:50:31+00:00\",\"author\":{\"@id\":\"https:\/\/www.plaidissimo.fr\/blog\/#\/schema\/person\/d16baedd5a3eebeb8ff793e51fa49aa7\"},\"description\":\"Comment bien choisir votre plaid d'\u00e9t\u00e9 ? Envie d'un plaid pour vous accompagner sur la plage ? Envie d'un plaid de Pic-Nic ? D\u00e9couvrez le guide de Plaidissimo\",\"inLanguage\":\"fr-FR\",\"potentialAction\":[{\"@type\":\"ReadAction\",\"target\":[\"https:\/\/www.plaidissimo.fr\/blog\/choisir-un-plaid-pour-ete\/\"]}]},{\"@type\":\"ImageObject\",\"inLanguage\":\"fr-FR\",\"@id\":\"https:\/\/www.plaidissimo.fr\/blog\/choisir-un-plaid-pour-ete\/#primaryimage\",\"url\":\"https:\/\/www.plaidissimo.fr\/blog\/wp-content\/uploads\/2018\/11\/choisir-plaid-ete-plage-source.jpg\",\"contentUrl\":\"https:\/\/www.plaidissimo.fr\/blog\/wp-content\/uploads\/2018\/11\/choisir-plaid-ete-plage-source.jpg\",\"width\":838,\"height\":500,\"caption\":\"Choisir un plaid \u00e9t\u00e9 plage\"},{\"@type\":\"WebSite\",\"@id\":\"https:\/\/www.plaidissimo.fr\/blog\/#website\",\"url\":\"https:\/\/www.plaidissimo.fr\/blog\/\",\"name\":\"Plaidissimo\",\"description\":\"Partager la passion des plaids\",\"potentialAction\":[{\"@type\":\"SearchAction\",\"target\":{\"@type\":\"EntryPoint\",\"urlTemplate\":\"https:\/\/www.plaidissimo.fr\/blog\/?s={search_term_string}\"},\"query-input\":{\"@type\":\"PropertyValueSpecification\",\"valueRequired\":true,\"valueName\":\"search_term_string\"}}],\"inLanguage\":\"fr-FR\"},{\"@type\":\"Person\",\"@id\":\"https:\/\/www.plaidissimo.fr\/blog\/#\/schema\/person\/d16baedd5a3eebeb8ff793e51fa49aa7\",\"name\":\"shfstgl65rgdfluzhrv\"}]}<\/script>\n<!-- \/ Yoast SEO plugin. -->","yoast_head_json":{"title":"Choisir un Plaid d'\u00e9t\u00e9 \u00b7 Pour la Plage \u00b7 Pour un Pic-Nic \u00b7 Plaidissimo","description":"Comment bien choisir votre plaid d'\u00e9t\u00e9 ? Envie d'un plaid pour vous accompagner sur la plage ? Envie d'un plaid de Pic-Nic ? D\u00e9couvrez le guide de Plaidissimo","robots":{"index":"index","follow":"follow","max-snippet":"max-snippet:-1","max-image-preview":"max-image-preview:large","max-video-preview":"max-video-preview:-1"},"canonical":"https:\/\/www.plaidissimo.fr\/blog\/choisir-un-plaid-pour-ete\/","og_locale":"fr_FR","og_type":"article","og_title":"Choisir un Plaid d'\u00e9t\u00e9 \u00b7 Pour la Plage \u00b7 Pour un Pic-Nic \u00b7 Plaidissimo","og_description":"Comment bien choisir votre plaid d'\u00e9t\u00e9 ? Envie d'un plaid pour vous accompagner sur la plage ? Envie d'un plaid de Pic-Nic ? D\u00e9couvrez le guide de Plaidissimo","og_url":"https:\/\/www.plaidissimo.fr\/blog\/choisir-un-plaid-pour-ete\/","og_site_name":"Plaidissimo","article_published_time":"2016-06-09T10:56:00+00:00","article_modified_time":"2020-04-13T15:50:31+00:00","og_image":[{"width":838,"height":500,"url":"https:\/\/www.plaidissimo.fr\/blog\/wp-content\/uploads\/2018\/11\/choisir-plaid-ete-plage-source.jpg","type":"image\/jpeg"}],"author":"shfstgl65rgdfluzhrv","twitter_card":"summary_large_image","twitter_misc":{"\u00c9crit par":"shfstgl65rgdfluzhrv","Dur\u00e9e de lecture estim\u00e9e":"6 minutes"},"schema":{"@context":"https:\/\/schema.org","@graph":[{"@type":"WebPage","@id":"https:\/\/www.plaidissimo.fr\/blog\/choisir-un-plaid-pour-ete\/","url":"https:\/\/www.plaidissimo.fr\/blog\/choisir-un-plaid-pour-ete\/","name":"Choisir un Plaid d'\u00e9t\u00e9 \u00b7 Pour la Plage \u00b7 Pour un Pic-Nic \u00b7 Plaidissimo","isPartOf":{"@id":"https:\/\/www.plaidissimo.fr\/blog\/#website"},"primaryImageOfPage":{"@id":"https:\/\/www.plaidissimo.fr\/blog\/choisir-un-plaid-pour-ete\/#primaryimage"},"image":{"@id":"https:\/\/www.plaidissimo.fr\/blog\/choisir-un-plaid-pour-ete\/#primaryimage"},"thumbnailUrl":"https:\/\/www.plaidissimo.fr\/blog\/wp-content\/uploads\/2018\/11\/choisir-plaid-ete-plage-source.jpg","datePublished":"2016-06-09T10:56:00+00:00","dateModified":"2020-04-13T15:50:31+00:00","author":{"@id":"https:\/\/www.plaidissimo.fr\/blog\/#\/schema\/person\/d16baedd5a3eebeb8ff793e51fa49aa7"},"description":"Comment bien choisir votre plaid d'\u00e9t\u00e9 ? Envie d'un plaid pour vous accompagner sur la plage ? Envie d'un plaid de Pic-Nic ? D\u00e9couvrez le guide de Plaidissimo","inLanguage":"fr-FR","potentialAction":[{"@type":"ReadAction","target":["https:\/\/www.plaidissimo.fr\/blog\/choisir-un-plaid-pour-ete\/"]}]},{"@type":"ImageObject","inLanguage":"fr-FR","@id":"https:\/\/www.plaidissimo.fr\/blog\/choisir-un-plaid-pour-ete\/#primaryimage","url":"https:\/\/www.plaidissimo.fr\/blog\/wp-content\/uploads\/2018\/11\/choisir-plaid-ete-plage-source.jpg","contentUrl":"https:\/\/www.plaidissimo.fr\/blog\/wp-content\/uploads\/2018\/11\/choisir-plaid-ete-plage-source.jpg","width":838,"height":500,"caption":"Choisir un plaid \u00e9t\u00e9 plage"},{"@type":"WebSite","@id":"https:\/\/www.plaidissimo.fr\/blog\/#website","url":"https:\/\/www.plaidissimo.fr\/blog\/","name":"Plaidissimo","description":"Partager la passion des plaids","potentialAction":[{"@type":"SearchAction","target":{"@type":"EntryPoint","urlTemplate":"https:\/\/www.plaidissimo.fr\/blog\/?s={search_term_string}"},"query-input":{"@type":"PropertyValueSpecification","valueRequired":true,"valueName":"search_term_string"}}],"inLanguage":"fr-FR"},{"@type":"Person","@id":"https:\/\/www.plaidissimo.fr\/blog\/#\/schema\/person\/d16baedd5a3eebeb8ff793e51fa49aa7","name":"shfstgl65rgdfluzhrv"}]}},"featured_image_src":"https:\/\/www.plaidissimo.fr\/blog\/wp-content\/uploads\/2018\/11\/choisir-plaid-ete-plage-source-600x400.jpg","featured_image_src_square":"https:\/\/www.plaidissimo.fr\/blog\/wp-content\/uploads\/2018\/11\/choisir-plaid-ete-plage-source-600x500.jpg","author_info":{"display_name":"shfstgl65rgdfluzhrv","author_link":"https:\/\/www.plaidissimo.fr\/blog\/author\/nadezda\/"},"_links":{"self":[{"href":"https:\/\/www.plaidissimo.fr\/blog\/wp-json\/wp\/v2\/posts\/141","targetHints":{"allow":["GET"]}}],"collection":[{"href":"https:\/\/www.plaidissimo.fr\/blog\/wp-json\/wp\/v2\/posts"}],"about":[{"href":"https:\/\/www.plaidissimo.fr\/blog\/wp-json\/wp\/v2\/types\/post"}],"author":[{"embeddable":true,"href":"https:\/\/www.plaidissimo.fr\/blog\/wp-json\/wp\/v2\/users\/2"}],"replies":[{"embeddable":true,"href":"https:\/\/www.plaidissimo.fr\/blog\/wp-json\/wp\/v2\/comments?post=141"}],"version-history":[{"count":5,"href":"https:\/\/www.plaidissimo.fr\/blog\/wp-json\/wp\/v2\/posts\/141\/revisions"}],"predecessor-version":[{"id":679,"href":"https:\/\/www.plaidissimo.fr\/blog\/wp-json\/wp\/v2\/posts\/141\/revisions\/679"}],"wp:featuredmedia":[{"embeddable":true,"href":"https:\/\/www.plaidissimo.fr\/blog\/wp-json\/wp\/v2\/media\/403"}],"wp:attachment":[{"href":"https:\/\/www.plaidissimo.fr\/blog\/wp-json\/wp\/v2\/media?parent=141"}],"wp:term":[{"taxonomy":"category","embeddable":true,"href":"https:\/\/www.plaidissimo.fr\/blog\/wp-json\/wp\/v2\/categories?post=141"},{"taxonomy":"post_tag","embeddable":true,"href":"https:\/\/www.plaidissimo.fr\/blog\/wp-json\/wp\/v2\/tags?post=141"}],"curies":[{"name":"wp","href":"https:\/\/api.w.org\/{rel}","templated":true}]}}