{"id":126,"date":"2015-11-15T12:42:38","date_gmt":"2015-11-15T11:42:38","guid":{"rendered":"https:\/\/blog.plaidissimo.fr\/?p=126"},"modified":"2022-06-06T23:15:34","modified_gmt":"2022-06-06T21:15:34","slug":"quelle-taille-pour-un-plaid","status":"publish","type":"post","link":"https:\/\/www.plaidissimo.fr\/blog\/quelle-taille-pour-un-plaid\/","title":{"rendered":"Quelle taille pour un plaid ?"},"content":{"rendered":"\n<div class=\"wp-block-cover has-background-dim\"><img loading=\"lazy\" decoding=\"async\" width=\"838\" height=\"500\" class=\"wp-block-cover__image-background wp-image-350\" alt=\"\" src=\"https:\/\/www.plaidissimo.fr\/blog\/wp-content\/uploads\/2018\/11\/quelle-taille-pour-un-plaid-source.jpg\" data-object-fit=\"cover\" srcset=\"https:\/\/www.plaidissimo.fr\/blog\/wp-content\/uploads\/2018\/11\/quelle-taille-pour-un-plaid-source.jpg 838w, https:\/\/www.plaidissimo.fr\/blog\/wp-content\/uploads\/2018\/11\/quelle-taille-pour-un-plaid-source-248x148.jpg 248w, https:\/\/www.plaidissimo.fr\/blog\/wp-content\/uploads\/2018\/11\/quelle-taille-pour-un-plaid-source-355x212.jpg 355w, https:\/\/www.plaidissimo.fr\/blog\/wp-content\/uploads\/2018\/11\/quelle-taille-pour-un-plaid-source-768x458.jpg 768w, https:\/\/www.plaidissimo.fr\/blog\/wp-content\/uploads\/2018\/11\/quelle-taille-pour-un-plaid-source-700x418.jpg 700w, https:\/\/www.plaidissimo.fr\/blog\/wp-content\/uploads\/2018\/11\/quelle-taille-pour-un-plaid-source-599x357.jpg 599w, https:\/\/www.plaidissimo.fr\/blog\/wp-content\/uploads\/2018\/11\/quelle-taille-pour-un-plaid-source-300x179.jpg 300w\" sizes=\"auto, (max-width: 767px) 89vw, (max-width: 1000px) 54vw, (max-width: 1071px) 543px, 580px\" \/><div class=\"wp-block-cover__inner-container is-layout-flow wp-block-cover-is-layout-flow\">\n<p class=\"has-text-align-center has-large-font-size\">Guide complet de s\u00e9lection<\/p>\n<\/div><\/div>\n\n\n\n<p>Lorsque vous choisissez votre plaid, il est n\u00e9cessaire de r\u00e9fl\u00e9chir \u00e0 une multitude de diff\u00e9rents param\u00e8tres. Si vous avez d\u00e9j\u00e0 choisi de quelle <a href=\"http:\/\/www.plaidissimo.fr\/blog\/quelle-matiere-choisir-pour-mon-plaid\/\">mati\u00e8re sera fait votre plaid<\/a> il sera ensuite n\u00e9cessaire de prendre sa taille en consid\u00e9ration. Alors, comment choisir une bonne taille pour votre plaid ?<\/p>\n\n\n\n<p>Les plaids d\u2019une taille de 140\u0445200 cm ou 150\u0445200 cm sont les plus pratiques pour une utilisation quotidienne. Ils sont confortables par leur dimension une fois pli\u00e9s, ainsi vous pouvez les ranger simplement et les utiliser pour vos voyages.<\/p>\n\n\n\n<p>Un plaid de moyenne taille sera davantage adapt\u00e9 pour un lit \u00e9troit, un sofa ou un petit canap\u00e9. Un plaid d\u2019une taille de 130\u0445170 cm est un bon compromis pour un fauteuil, mais si vous avez un grand fauteuil, un plaid dont la taille est de 150\u0445200 sera plus adapt\u00e9e .<\/p>\n\n\n\n<p>Pour couvrir un lit il est pr\u00e9f\u00e9rable d\u2019utiliser un plaid d\u2019une taille assez grande afin qu\u2019il recouvre les bords sur 20-30 cm. Pour un lit de moyenne taille (140\u0445200), envisagez un plaid de 180\u0445220 cm. Pour un grand lit \u00e0 deux places de 180\u0445200 cm, un grand plaid d\u2019une taille de 220\u0445240 ou 240\u0445260 cm sera plus joli en vue d\u2019\u00eatre \u00e9galement un objet de d\u00e9coration.<\/p>\n\n\n\n<p>Vous l\u2019avez compris, avant de choisir la taille de votre plaid vous devez pr\u00e9alablement d\u00e9cider la fa\u00e7on dont vous souhaitez l\u2019utiliser. Si le produit doit \u00eatre utilis\u00e9 exclusivement pour vous chauffer, la taille optimale est de 150 par 200 cm. Ce plaid ne prendra pas beaucoup de place dans le placard dans le cas o\u00f9 vous ne l\u2019utiliseriez pas au quotidien. Si votre plaid est utilis\u00e9 comme un objet de d\u00e9coration vous pouvez envisager des tailles moyennes ou grandes qui vous offriront davantage d\u2019opportunit\u00e9s d\u2019utilisation.<\/p>\n\n\n\n<p>Il n\u2019existe pas une classification universelle des tailles de plaids. Chaque fabricant utilise ses propres standards. Je vais donc vous proposer une classification par grande famille de tailles.<\/p>\n\n\n\n<div style=\"height:70px\" aria-hidden=\"true\" class=\"wp-block-spacer\"><\/div>\n\n\n\n<div class=\"wp-block-columns has-2-columns is-layout-flex wp-container-core-columns-is-layout-1 wp-block-columns-is-layout-flex\">\n<div class=\"wp-block-column is-layout-flow wp-block-column-is-layout-flow\">\n<h2 class=\"wp-block-heading\">Plaids de petite taille<\/h2>\n\n\n\n<p>Commen\u00e7ons avec des plaids les plus petits. Les plaids de petite taille sont la plupart du temps \u00e0 la destin\u00e9s aux b\u00e9b\u00e9s et aux enfants. Une taille de 80 sur 100 cm est parfaite pour les premiers mois de la vie d\u2019un b\u00e9b\u00e9. Certains fabricants produisent des plaids de 75 \u00e0 100 cm, qui peuvent \u00e9galement convenir pour couvrir votre b\u00e9b\u00e9.<\/p>\n\n\n\n<p>La taille de 110 par 140 ou 100 par 150 cm sera confortable pour les nuits de votre enfant. Vous pouvez \u00e9galement l\u2019utiliser comme un tapis de jeux doux et confortable pour votre enfant.<\/p>\n\n\n\n<p>Ces dernier temps il est possible de trouver des plaids pour les animaux de compagnie qui sont pr\u00e9sent\u00e9s comme des plaids de petite taille.<\/p>\n<\/div>\n\n\n\n<div class=\"wp-block-column is-layout-flow wp-block-column-is-layout-flow\">\n<figure class=\"wp-block-image is-resized\"><img loading=\"lazy\" decoding=\"async\" src=\"https:\/\/www.plaidissimo.fr\/blog\/wp-content\/uploads\/2018\/11\/plaid-pour-chien-source.jpg\" alt=\"Plaid pour Animal de Compagnie - Chien et Chat\" class=\"wp-image-349\" width=\"410\" height=\"589\" srcset=\"https:\/\/www.plaidissimo.fr\/blog\/wp-content\/uploads\/2018\/11\/plaid-pour-chien-source.jpg 410w, https:\/\/www.plaidissimo.fr\/blog\/wp-content\/uploads\/2018\/11\/plaid-pour-chien-source-148x212.jpg 148w, https:\/\/www.plaidissimo.fr\/blog\/wp-content\/uploads\/2018\/11\/plaid-pour-chien-source-348x500.jpg 348w, https:\/\/www.plaidissimo.fr\/blog\/wp-content\/uploads\/2018\/11\/plaid-pour-chien-source-291x418.jpg 291w, https:\/\/www.plaidissimo.fr\/blog\/wp-content\/uploads\/2018\/11\/plaid-pour-chien-source-249x357.jpg 249w, https:\/\/www.plaidissimo.fr\/blog\/wp-content\/uploads\/2018\/11\/plaid-pour-chien-source-125x179.jpg 125w\" sizes=\"auto, (max-width: 410px) 100vw, 410px\" \/><\/figure>\n<\/div>\n<\/div>\n\n\n\n<h2 class=\"wp-block-heading\">Plaids de moyenne taille<\/h2>\n\n\n\n<p>Les plaids de moyenne taille sont plus pratiques pour une utilisation au quotidien. Vous pouvez choisir ces plaids pour offrir \u00e0 vos amis, vous leur ferez ainsi un cadeau original. Cette taille de plaid permet de les ranger facilement, de les laisser dispos\u00e9s sur un canap\u00e9 ou un lit, ou de les plier sur un fauteuil. Les plaids de cette taille peuvent \u00eatre emport\u00e9s avec vous lors d\u2019un voyage ou pour un pique-nique. Une semi-taille correspond \u00e0 150 \u00e0 200 cm ou 120 \u00e0 180 cm.<\/p>\n\n\n\n<p>Vous pouvez \u00e9galement utiliser ces plaids pour un lit traditionnel qu\u2019on appelle \u00ab queen-size \u00bb de 130 par 180 cm, le plaid sera tr\u00e8s beau comme couverture ou jet\u00e9 de lit. La taille moyenne de ces plaids s\u2019\u00e9tend de 160 jusqu\u2019\u00e0 210 cm.<\/p>\n\n\n\n<h2 class=\"wp-block-heading\">Plaids de grande taille<\/h2>\n\n\n\n<p>Les plaids de grand taille sont ceux que nous avons habitude d\u2019utiliser comme couverture ou couvre-lit. Vous pouvez \u00e9galement trouver des plaids d\u2019une telle taille pour d\u00e9corer votre lit. Dans ce but les plaids en fausse fourrure ou les plaids \u2013 boutis seront parfaits.<\/p>\n\n\n\n<figure class=\"wp-block-image is-resized\"><img loading=\"lazy\" decoding=\"async\" src=\"https:\/\/www.plaidissimo.fr\/blog\/wp-content\/uploads\/2018\/11\/plaid-coton-source.jpg\" alt=\"Plaid de Grande Taille et Plaids XXL\" class=\"wp-image-348\" width=\"833\" height=\"500\" srcset=\"https:\/\/www.plaidissimo.fr\/blog\/wp-content\/uploads\/2018\/11\/plaid-coton-source.jpg 833w, https:\/\/www.plaidissimo.fr\/blog\/wp-content\/uploads\/2018\/11\/plaid-coton-source-248x148.jpg 248w, https:\/\/www.plaidissimo.fr\/blog\/wp-content\/uploads\/2018\/11\/plaid-coton-source-353x212.jpg 353w, https:\/\/www.plaidissimo.fr\/blog\/wp-content\/uploads\/2018\/11\/plaid-coton-source-768x461.jpg 768w, https:\/\/www.plaidissimo.fr\/blog\/wp-content\/uploads\/2018\/11\/plaid-coton-source-696x418.jpg 696w, https:\/\/www.plaidissimo.fr\/blog\/wp-content\/uploads\/2018\/11\/plaid-coton-source-595x357.jpg 595w, https:\/\/www.plaidissimo.fr\/blog\/wp-content\/uploads\/2018\/11\/plaid-coton-source-298x179.jpg 298w\" sizes=\"auto, (max-width: 767px) 89vw, (max-width: 1000px) 54vw, (max-width: 1071px) 543px, 580px\" \/><\/figure>\n\n\n\n<p>La taille d\u2019un grand plaid varie de 180 \u00e0 210 cm vous pouvez l\u2019utiliser comme un objet de d\u00e9coration, si vous souhaitez l\u2019utiliser comme une couverture il sera n\u00e9cessaire d\u2019ajouter 20 cm sur chaque bord. Dans les pays europ\u00e9ens, un lit de taille standard est consid\u00e9r\u00e9 comme \u00e9tant d\u2019une longueur de 180 et une largeur de 200 cm. Pour un lit de cette taille votre plaid doit \u00eatre d\u2019une largeur de 200 \u00e0 220 cm.<\/p>\n\n\n\n<p>Une taille maximale serait de 220 \u00e0 260 cm, au-del\u00e0 de cette taille les plaids sont tr\u00e8s rares et deviennent lourds et moins pratiques au quotidien. Au cours des derni\u00e8res ann\u00e9es, sur le march\u00e9 textile, il est possible de trouver des couvre-lits et des couvertures taille \u00ab maxi \u00bb, on les appelle \u00e9galement \u00ab king size \u00bb 220 \u00e0 240 et 260 cm. Naturellement, les lits, qui sont con\u00e7us pour ces g\u00e9ants sont caract\u00e9ris\u00e9s par des dimensions impressionnantes: 200 \u00e0 220 cm de largeur et de 220 \u00e0 260 cm en longueur.<\/p>\n\n\n\n<h2 class=\"wp-block-heading\">La bonne (et seule) question \u00e0 vous poser pour conna\u00eetre la taille id\u00e9ale de votre plaid&nbsp;!<\/h2>\n\n\n\n<p>La dimension d\u2019un plaid est souvent une question que l\u2019on se pose\u2026 trop t\u00f4t.<br>En effet, choisir une taille de fa\u00e7on directe peut vous mener \u00e0 un achat qui ne sera pas id\u00e9al.<br>Qu\u2019allez-vous faire de votre plaid\u00a0?<\/p>\n\n\n\n<p>Envisagez-vous de bous blottir dessous depuis votre canap\u00e9 ou votre fauteuil&nbsp;? Avez-vous une tendance \u00e0 avoir froid et donc appr\u00e9ciez-vous que votre plaid aille de vos \u00e9paules au bout de vos pieds&nbsp;? Dans ce cas, visez un plaid dont la longueur hors franges est d\u2019au moins 20cm sup\u00e9rieurs \u00e0 votre taille, vous pourrez ainsi vous installer confortablement sans devoir tirer de-ci-del\u00e0 pour un confort optimal.<\/p>\n\n\n\n<p>Envisagez-vous d\u2019utiliser votre plaid comme d\u00e9coration de votre lit, peut-\u00eatre en compl\u00e9ment d\u2019une belle parure provenant d\u2019une maison r\u00e9put\u00e9e telle que Maison Trinitas ou Somma 1867. Vous pr\u00e9f\u00e9rez peut-\u00eatre agr\u00e9menter directement votre <a href=\"https:\/\/www.galerieslafayette.com\/c\/maison\/linge-de-maison\/couettes-et-oreillers\/couettes\/fm\/absolument-maison\" target=\"_blank\" rel=\"noreferrer noopener\">housse de couette d\u2019Absolument Maison<\/a>\u00a0?<\/p>\n\n\n\n<p>Dans ces cas de figure, la taille de votre plaid doit \u00eatre adapt\u00e9e \u00e0 votre linge de lit.<\/p>\n\n\n\n<p>Par exemple si votre couette mesure 240cm de large, envisagez un plaid de 200 \u00e0 240cm de long (oui longueur, car g\u00e9n\u00e9ralement le plaid n\u2019est pas dans le m\u00eame sens que la couette&nbsp;\ud83d\ude09 ), 200cm si vous souhaitez recouvrir votre lit et avoir une l\u00e9g\u00e8re retomb\u00e9e sur les bords, 240cm si vous souhaitez une harmonie de taille parfaite entre votre couette et votre plaid.<\/p>\n\n\n\n<p>De m\u00eame pour la largeur, envisagez 140 \u00e0 160cm si vous souhaitez un bandeau sur votre literie, vous pourrez replier le plaid pour ajuster la taille \u00e0 votre guise. Envisagez 180 \u00e0 200 cm si vous souhaitez une pr\u00e9sence plus accentu\u00e9e de votre plaid.<\/p>\n\n\n\n<p>N\u2019oubliez pas de consid\u00e9rer l\u2019harmonie globale de votre pi\u00e8ce, choisissez un plaid d\u2019une taille raisonnable pour laisser de la place et de l\u2019espace \u00e0 vos coussins d\u00e9coratifs, vos rideaux, etc. un plaid trop grand peut risquer de d\u00e9s\u00e9quilibrer la d\u00e9coration de votre chambre.<\/p>\n\n\n\n<p><\/p>\n\n\n\n<div style=\"background-color:#f2f2f2;color:#32373c\" class=\"wp-block-atomic-blocks-ab-profile-box square ab-has-avatar ab-font-size-18 ab-block-profile ab-profile-columns\"><div class=\"ab-profile-column ab-profile-avatar-wrap\"><div class=\"ab-profile-image-wrap\"><figure class=\"ab-profile-image-square\"><img loading=\"lazy\" decoding=\"async\" width=\"250\" height=\"333\" class=\"ab-profile-avatar wp-image-292\" src=\"https:\/\/www.plaidissimo.fr\/blog\/wp-content\/uploads\/2018\/11\/Nadezda.jpeg\" alt=\"\" srcset=\"https:\/\/www.plaidissimo.fr\/blog\/wp-content\/uploads\/2018\/11\/Nadezda.jpeg 250w, https:\/\/www.plaidissimo.fr\/blog\/wp-content\/uploads\/2018\/11\/Nadezda-159x212.jpeg 159w, https:\/\/www.plaidissimo.fr\/blog\/wp-content\/uploads\/2018\/11\/Nadezda-134x179.jpeg 134w\" sizes=\"auto, (max-width: 250px) 100vw, 250px\" \/><\/figure><\/div><\/div><div class=\"ab-profile-column ab-profile-content-wrap\"><h2 class=\"ab-profile-name\" style=\"color:#32373c\"><br data-mce-bogus=\"1\"\/><\/h2><p class=\"ab-profile-title\" style=\"color:#32373c\"><br data-mce-bogus=\"1\"\/><\/p><div class=\"ab-profile-text\"><p>Originaire d\u2019un pays bien connu pour la rudesse de ses hivers, les plaids font partie de ma vie depuis toujours. Utilis\u00e9s avant tout pour se r\u00e9chauffer et se cocooner, les plaids sont aujourd\u2019hui utilis\u00e9s de bien d\u2019autres fa\u00e7ons, notamment comme accessoire de d\u00e9coration. Je souhaite \u00e0 pr\u00e9sent partager ma passion pour les plaids, pouvoir partager mes connaissances et vous \u00e9clairer afin de vous permettre de conna\u00eetre les plaids dans leurs moindre d\u00e9tails. Au fil de ce blog, vous allez d\u00e9couvrir de nombreuses informations, avant tout pratiques, portant sur les types de plaids, les mati\u00e8res et des informations pour un usage optimal au quotidien, mais \u00e9galement, des informations historiques, d\u2019actualit\u00e9s, et des avis d\u2019experts et bien plus encore. Bonne lecture&#8230;<\/p><\/div><ul class=\"ab-social-links\"><\/ul><\/div><\/div>\n<!-- Begin Yuzo --><div class='yuzo_related_post style-1'  data-version='5.12.84'><!-- without result --><div class='yuzo_clearfixed yuzo__title yuzo__title'><h3>Poursuivez votre lecture<\/h3><\/div>\n\t\t\t\t\t\t  <div class=\"relatedthumb \" style=\"width:248px;float:left;overflow:hidden;\">  \n\t\t\t\t\t\t\t  \n\t\t\t\t\t\t\t  <a  href=\"https:\/\/www.plaidissimo.fr\/blog\/9-endroits-inattendus-ou-utiliser-un-plaid\/\"  >\n\t\t\t\t\t\t\t\t\t  <div class=\"yuzo-img-wrap \" style=\"width: 248px;height:213px;\">\n\t\t\t\t\t\t\t\t\t\t\n\t\t\t\t\t\t\t\t\t\t<div class=\"yuzo-img\" style=\"background:url('https:\/\/www.plaidissimo.fr\/blog\/wp-content\/uploads\/2025\/01\/plaid-elegant-bleu-ambiance-utilisable-partout-281x212.png') 50% 50% no-repeat;width: 248px;height:213px;margin-bottom: 5px;background-size: cover; \"><\/div>\n\t\t\t\t\t\t\t\t\t  <\/div>\n\t\t\t\t\t\t\t\t\t  \n\t\t\t\t\t\t\t\t   <span class=\"yuzo__text--title\" style=\"font-size:16px;\">9 endroits inattendus o\u00f9 utiliser un plaid<\/span>\n\t\t\t\t\t\t\t  \n\t\t\t\t\t\t\t  \n\t\t\t\t\t\t\t  <\/a>\n\n\t\t\t\t\t\t  <\/div>\n\t\t\t\t\t\t  <div class=\"relatedthumb \" style=\"width:248px;float:left;overflow:hidden;\">  \n\t\t\t\t\t\t\t  \n\t\t\t\t\t\t\t  <a  href=\"https:\/\/www.plaidissimo.fr\/blog\/ohhio-marque-plaids-en-tricot-geant\/\"  >\n\t\t\t\t\t\t\t\t\t  <div class=\"yuzo-img-wrap \" style=\"width: 248px;height:213px;\">\n\t\t\t\t\t\t\t\t\t\t\n\t\t\t\t\t\t\t\t\t\t<div class=\"yuzo-img\" style=\"background:url('https:\/\/www.plaidissimo.fr\/blog\/wp-content\/uploads\/2018\/11\/ohhio-plaid-grosses-mailles-source-355x212.jpg') 50% 50% no-repeat;width: 248px;height:213px;margin-bottom: 5px;background-size: cover; \"><\/div>\n\t\t\t\t\t\t\t\t\t  <\/div>\n\t\t\t\t\t\t\t\t\t  \n\t\t\t\t\t\t\t\t   <span class=\"yuzo__text--title\" style=\"font-size:16px;\">Ohhio \u2013 Marque de plaids en tricot g\u00e9ant<\/span>\n\t\t\t\t\t\t\t  \n\t\t\t\t\t\t\t  \n\t\t\t\t\t\t\t  <\/a>\n\n\t\t\t\t\t\t  <\/div>\n\t\t\t\t\t\t  <div class=\"relatedthumb \" style=\"width:248px;float:left;overflow:hidden;\">  \n\t\t\t\t\t\t\t  \n\t\t\t\t\t\t\t  <a  href=\"https:\/\/www.plaidissimo.fr\/blog\/ouverture-boutique-plaids\/\"  >\n\t\t\t\t\t\t\t\t\t  <div class=\"yuzo-img-wrap \" style=\"width: 248px;height:213px;\">\n\t\t\t\t\t\t\t\t\t\t\n\t\t\t\t\t\t\t\t\t\t<div class=\"yuzo-img\" style=\"background:url('https:\/\/www.plaidissimo.fr\/blog\/wp-content\/uploads\/2018\/11\/Plaidissimo-Site-e-Commerce-Plaids-pour-Blog-source-355x212.png') 50% 50% no-repeat;width: 248px;height:213px;margin-bottom: 5px;background-size: cover; \"><\/div>\n\t\t\t\t\t\t\t\t\t  <\/div>\n\t\t\t\t\t\t\t\t\t  \n\t\t\t\t\t\t\t\t   <span class=\"yuzo__text--title\" style=\"font-size:16px;\">Plaidissimo \u2013 Ouverture de votre boutique 100% Plaids<\/span>\n\t\t\t\t\t\t\t  \n\t\t\t\t\t\t\t  \n\t\t\t\t\t\t\t  <\/a>\n\n\t\t\t\t\t\t  <\/div>\n<\/div> <style>\n\t\t\t\t\t\t\t\t.yuzo_related_post img{width:243px !important; height:233px !important;}\n\t\t\t\t\t\t\t\t.yuzo_related_post .relatedthumb{line-height:18px;background: !important;color:!important;}\n\t\t\t\t\t\t\t\t.yuzo_related_post .relatedthumb:hover{background: !important;;color:!important;}\n\t\t\t\t\t\t\t\t.yuzo_related_post .relatedthumb a{color:!important;}\n\t\t\t\t\t\t\t\t.yuzo_related_post .relatedthumb a:hover{ color:}!important;}\n\t\t\t\t\t\t\t\t.yuzo_related_post .relatedthumb:hover a{ color:!important;}\n\t\t\t\t\t\t\t\t.yuzo_related_post .yuzo_text {color:!important;}\n\t\t\t\t\t\t\t\t.yuzo_related_post .relatedthumb:hover .yuzo_text {color:!important;}\n\t\t\t\t\t\t\t\t.yuzo_related_post .relatedthumb{  margin: 0px  0px  0px  0px;   padding: 0px  20px  0px  0px;  }\n\t\t\t\t\t\t\t\t\n\t\t\t\t\t\t\t\t<\/style> <script>\n\t\t\t\t\t\t  jQuery(document).ready(function( $ ){\n\t\t\t\t\t\t\t\/\/jQuery('.yuzo_related_post').equalizer({ overflow : 'relatedthumb' });\n\t\t\t\t\t\t\tjQuery('.yuzo_related_post .yuzo_wraps').equalizer({ columns : '> div' });\n\t\t\t\t\t\t   })\n\t\t\t\t\t\t  <\/script> <!-- End Yuzo :) -->","protected":false},"excerpt":{"rendered":"<p>Lorsque vous choisissez votre plaid, il est n\u00e9cessaire de r\u00e9fl\u00e9chir \u00e0 une multitude de diff\u00e9rents param\u00e8tres. Si vous avez d\u00e9j\u00e0 choisi de quelle mati\u00e8re sera fait votre plaid il sera ensuite n\u00e9cessaire de prendre sa taille en consid\u00e9ration. Alors, comment choisir une bonne taille pour votre plaid ? La r\u00e9ponse compl\u00e8te dans notre dossier&#8230;<\/p>\n","protected":false},"author":2,"featured_media":350,"comment_status":"open","ping_status":"open","sticky":false,"template":"","format":"standard","meta":{"_monsterinsights_skip_tracking":false,"_monsterinsights_sitenote_active":false,"_monsterinsights_sitenote_note":"","_monsterinsights_sitenote_category":0,"footnotes":""},"categories":[1],"tags":[],"class_list":["post-126","post","type-post","status-publish","format-standard","has-post-thumbnail","hentry","category-plaids"],"yoast_head":"<!-- This site is optimized with the Yoast SEO plugin v24.9 - https:\/\/yoast.com\/wordpress\/plugins\/seo\/ -->\n<title>Taille d&#039;un Plaid \u00b7 Choisir la Dimension Id\u00e9ale ? \u00b7 Guide Complet<\/title>\n<meta name=\"description\" content=\"Comment Choisir la Taille Id\u00e9ale d&#039;un Plaid ? Guide Complet pour tous Usages \u00b7 Dimensions de Plaids pour Enfants, Canap\u00e9s, Lit et bien d&#039;Autres - Plaidissimo.\" \/>\n<meta name=\"robots\" content=\"index, follow, max-snippet:-1, max-image-preview:large, max-video-preview:-1\" \/>\n<link rel=\"canonical\" href=\"https:\/\/www.plaidissimo.fr\/blog\/quelle-taille-pour-un-plaid\/\" \/>\n<meta property=\"og:locale\" content=\"fr_FR\" \/>\n<meta property=\"og:type\" content=\"article\" \/>\n<meta property=\"og:title\" content=\"Taille d&#039;un Plaid \u00b7 Choisir la Dimension Id\u00e9ale ? \u00b7 Guide Complet\" \/>\n<meta property=\"og:description\" content=\"Comment Choisir la Taille Id\u00e9ale d&#039;un Plaid ? Guide Complet pour tous Usages \u00b7 Dimensions de Plaids pour Enfants, Canap\u00e9s, Lit et bien d&#039;Autres - Plaidissimo.\" \/>\n<meta property=\"og:url\" content=\"https:\/\/www.plaidissimo.fr\/blog\/quelle-taille-pour-un-plaid\/\" \/>\n<meta property=\"og:site_name\" content=\"Plaidissimo\" \/>\n<meta property=\"article:published_time\" content=\"2015-11-15T11:42:38+00:00\" \/>\n<meta property=\"article:modified_time\" content=\"2022-06-06T21:15:34+00:00\" \/>\n<meta property=\"og:image\" content=\"https:\/\/www.plaidissimo.fr\/blog\/wp-content\/uploads\/2018\/11\/quelle-taille-pour-un-plaid-source.jpg\" \/>\n\t<meta property=\"og:image:width\" content=\"838\" \/>\n\t<meta property=\"og:image:height\" content=\"500\" \/>\n\t<meta property=\"og:image:type\" content=\"image\/jpeg\" \/>\n<meta name=\"author\" content=\"shfstgl65rgdfluzhrv\" \/>\n<meta name=\"twitter:card\" content=\"summary_large_image\" \/>\n<meta name=\"twitter:label1\" content=\"\u00c9crit par\" \/>\n\t<meta name=\"twitter:data1\" content=\"shfstgl65rgdfluzhrv\" \/>\n\t<meta name=\"twitter:label2\" content=\"Dur\u00e9e de lecture estim\u00e9e\" \/>\n\t<meta name=\"twitter:data2\" content=\"6 minutes\" \/>\n<script type=\"application\/ld+json\" class=\"yoast-schema-graph\">{\"@context\":\"https:\/\/schema.org\",\"@graph\":[{\"@type\":\"WebPage\",\"@id\":\"https:\/\/www.plaidissimo.fr\/blog\/quelle-taille-pour-un-plaid\/\",\"url\":\"https:\/\/www.plaidissimo.fr\/blog\/quelle-taille-pour-un-plaid\/\",\"name\":\"Taille d'un Plaid \u00b7 Choisir la Dimension Id\u00e9ale ? \u00b7 Guide Complet\",\"isPartOf\":{\"@id\":\"https:\/\/www.plaidissimo.fr\/blog\/#website\"},\"primaryImageOfPage\":{\"@id\":\"https:\/\/www.plaidissimo.fr\/blog\/quelle-taille-pour-un-plaid\/#primaryimage\"},\"image\":{\"@id\":\"https:\/\/www.plaidissimo.fr\/blog\/quelle-taille-pour-un-plaid\/#primaryimage\"},\"thumbnailUrl\":\"https:\/\/www.plaidissimo.fr\/blog\/wp-content\/uploads\/2018\/11\/quelle-taille-pour-un-plaid-source.jpg\",\"datePublished\":\"2015-11-15T11:42:38+00:00\",\"dateModified\":\"2022-06-06T21:15:34+00:00\",\"author\":{\"@id\":\"https:\/\/www.plaidissimo.fr\/blog\/#\/schema\/person\/d16baedd5a3eebeb8ff793e51fa49aa7\"},\"description\":\"Comment Choisir la Taille Id\u00e9ale d'un Plaid ? Guide Complet pour tous Usages \u00b7 Dimensions de Plaids pour Enfants, Canap\u00e9s, Lit et bien d'Autres - Plaidissimo.\",\"inLanguage\":\"fr-FR\",\"potentialAction\":[{\"@type\":\"ReadAction\",\"target\":[\"https:\/\/www.plaidissimo.fr\/blog\/quelle-taille-pour-un-plaid\/\"]}]},{\"@type\":\"ImageObject\",\"inLanguage\":\"fr-FR\",\"@id\":\"https:\/\/www.plaidissimo.fr\/blog\/quelle-taille-pour-un-plaid\/#primaryimage\",\"url\":\"https:\/\/www.plaidissimo.fr\/blog\/wp-content\/uploads\/2018\/11\/quelle-taille-pour-un-plaid-source.jpg\",\"contentUrl\":\"https:\/\/www.plaidissimo.fr\/blog\/wp-content\/uploads\/2018\/11\/quelle-taille-pour-un-plaid-source.jpg\",\"width\":838,\"height\":500,\"caption\":\"Quelle taille pour mon plaid ?\"},{\"@type\":\"WebSite\",\"@id\":\"https:\/\/www.plaidissimo.fr\/blog\/#website\",\"url\":\"https:\/\/www.plaidissimo.fr\/blog\/\",\"name\":\"Plaidissimo\",\"description\":\"Partager la passion des plaids\",\"potentialAction\":[{\"@type\":\"SearchAction\",\"target\":{\"@type\":\"EntryPoint\",\"urlTemplate\":\"https:\/\/www.plaidissimo.fr\/blog\/?s={search_term_string}\"},\"query-input\":{\"@type\":\"PropertyValueSpecification\",\"valueRequired\":true,\"valueName\":\"search_term_string\"}}],\"inLanguage\":\"fr-FR\"},{\"@type\":\"Person\",\"@id\":\"https:\/\/www.plaidissimo.fr\/blog\/#\/schema\/person\/d16baedd5a3eebeb8ff793e51fa49aa7\",\"name\":\"shfstgl65rgdfluzhrv\"}]}<\/script>\n<!-- \/ Yoast SEO plugin. -->","yoast_head_json":{"title":"Taille d'un Plaid \u00b7 Choisir la Dimension Id\u00e9ale ? \u00b7 Guide Complet","description":"Comment Choisir la Taille Id\u00e9ale d'un Plaid ? Guide Complet pour tous Usages \u00b7 Dimensions de Plaids pour Enfants, Canap\u00e9s, Lit et bien d'Autres - Plaidissimo.","robots":{"index":"index","follow":"follow","max-snippet":"max-snippet:-1","max-image-preview":"max-image-preview:large","max-video-preview":"max-video-preview:-1"},"canonical":"https:\/\/www.plaidissimo.fr\/blog\/quelle-taille-pour-un-plaid\/","og_locale":"fr_FR","og_type":"article","og_title":"Taille d'un Plaid \u00b7 Choisir la Dimension Id\u00e9ale ? \u00b7 Guide Complet","og_description":"Comment Choisir la Taille Id\u00e9ale d'un Plaid ? Guide Complet pour tous Usages \u00b7 Dimensions de Plaids pour Enfants, Canap\u00e9s, Lit et bien d'Autres - Plaidissimo.","og_url":"https:\/\/www.plaidissimo.fr\/blog\/quelle-taille-pour-un-plaid\/","og_site_name":"Plaidissimo","article_published_time":"2015-11-15T11:42:38+00:00","article_modified_time":"2022-06-06T21:15:34+00:00","og_image":[{"width":838,"height":500,"url":"https:\/\/www.plaidissimo.fr\/blog\/wp-content\/uploads\/2018\/11\/quelle-taille-pour-un-plaid-source.jpg","type":"image\/jpeg"}],"author":"shfstgl65rgdfluzhrv","twitter_card":"summary_large_image","twitter_misc":{"\u00c9crit par":"shfstgl65rgdfluzhrv","Dur\u00e9e de lecture estim\u00e9e":"6 minutes"},"schema":{"@context":"https:\/\/schema.org","@graph":[{"@type":"WebPage","@id":"https:\/\/www.plaidissimo.fr\/blog\/quelle-taille-pour-un-plaid\/","url":"https:\/\/www.plaidissimo.fr\/blog\/quelle-taille-pour-un-plaid\/","name":"Taille d'un Plaid \u00b7 Choisir la Dimension Id\u00e9ale ? \u00b7 Guide Complet","isPartOf":{"@id":"https:\/\/www.plaidissimo.fr\/blog\/#website"},"primaryImageOfPage":{"@id":"https:\/\/www.plaidissimo.fr\/blog\/quelle-taille-pour-un-plaid\/#primaryimage"},"image":{"@id":"https:\/\/www.plaidissimo.fr\/blog\/quelle-taille-pour-un-plaid\/#primaryimage"},"thumbnailUrl":"https:\/\/www.plaidissimo.fr\/blog\/wp-content\/uploads\/2018\/11\/quelle-taille-pour-un-plaid-source.jpg","datePublished":"2015-11-15T11:42:38+00:00","dateModified":"2022-06-06T21:15:34+00:00","author":{"@id":"https:\/\/www.plaidissimo.fr\/blog\/#\/schema\/person\/d16baedd5a3eebeb8ff793e51fa49aa7"},"description":"Comment Choisir la Taille Id\u00e9ale d'un Plaid ? Guide Complet pour tous Usages \u00b7 Dimensions de Plaids pour Enfants, Canap\u00e9s, Lit et bien d'Autres - Plaidissimo.","inLanguage":"fr-FR","potentialAction":[{"@type":"ReadAction","target":["https:\/\/www.plaidissimo.fr\/blog\/quelle-taille-pour-un-plaid\/"]}]},{"@type":"ImageObject","inLanguage":"fr-FR","@id":"https:\/\/www.plaidissimo.fr\/blog\/quelle-taille-pour-un-plaid\/#primaryimage","url":"https:\/\/www.plaidissimo.fr\/blog\/wp-content\/uploads\/2018\/11\/quelle-taille-pour-un-plaid-source.jpg","contentUrl":"https:\/\/www.plaidissimo.fr\/blog\/wp-content\/uploads\/2018\/11\/quelle-taille-pour-un-plaid-source.jpg","width":838,"height":500,"caption":"Quelle taille pour mon plaid ?"},{"@type":"WebSite","@id":"https:\/\/www.plaidissimo.fr\/blog\/#website","url":"https:\/\/www.plaidissimo.fr\/blog\/","name":"Plaidissimo","description":"Partager la passion des plaids","potentialAction":[{"@type":"SearchAction","target":{"@type":"EntryPoint","urlTemplate":"https:\/\/www.plaidissimo.fr\/blog\/?s={search_term_string}"},"query-input":{"@type":"PropertyValueSpecification","valueRequired":true,"valueName":"search_term_string"}}],"inLanguage":"fr-FR"},{"@type":"Person","@id":"https:\/\/www.plaidissimo.fr\/blog\/#\/schema\/person\/d16baedd5a3eebeb8ff793e51fa49aa7","name":"shfstgl65rgdfluzhrv"}]}},"featured_image_src":"https:\/\/www.plaidissimo.fr\/blog\/wp-content\/uploads\/2018\/11\/quelle-taille-pour-un-plaid-source-600x400.jpg","featured_image_src_square":"https:\/\/www.plaidissimo.fr\/blog\/wp-content\/uploads\/2018\/11\/quelle-taille-pour-un-plaid-source-600x500.jpg","author_info":{"display_name":"shfstgl65rgdfluzhrv","author_link":"https:\/\/www.plaidissimo.fr\/blog\/author\/nadezda\/"},"_links":{"self":[{"href":"https:\/\/www.plaidissimo.fr\/blog\/wp-json\/wp\/v2\/posts\/126","targetHints":{"allow":["GET"]}}],"collection":[{"href":"https:\/\/www.plaidissimo.fr\/blog\/wp-json\/wp\/v2\/posts"}],"about":[{"href":"https:\/\/www.plaidissimo.fr\/blog\/wp-json\/wp\/v2\/types\/post"}],"author":[{"embeddable":true,"href":"https:\/\/www.plaidissimo.fr\/blog\/wp-json\/wp\/v2\/users\/2"}],"replies":[{"embeddable":true,"href":"https:\/\/www.plaidissimo.fr\/blog\/wp-json\/wp\/v2\/comments?post=126"}],"version-history":[{"count":5,"href":"https:\/\/www.plaidissimo.fr\/blog\/wp-json\/wp\/v2\/posts\/126\/revisions"}],"predecessor-version":[{"id":727,"href":"https:\/\/www.plaidissimo.fr\/blog\/wp-json\/wp\/v2\/posts\/126\/revisions\/727"}],"wp:featuredmedia":[{"embeddable":true,"href":"https:\/\/www.plaidissimo.fr\/blog\/wp-json\/wp\/v2\/media\/350"}],"wp:attachment":[{"href":"https:\/\/www.plaidissimo.fr\/blog\/wp-json\/wp\/v2\/media?parent=126"}],"wp:term":[{"taxonomy":"category","embeddable":true,"href":"https:\/\/www.plaidissimo.fr\/blog\/wp-json\/wp\/v2\/categories?post=126"},{"taxonomy":"post_tag","embeddable":true,"href":"https:\/\/www.plaidissimo.fr\/blog\/wp-json\/wp\/v2\/tags?post=126"}],"curies":[{"name":"wp","href":"https:\/\/api.w.org\/{rel}","templated":true}]}}